{"id":2582,"date":"2021-07-27T12:44:40","date_gmt":"2021-07-27T15:44:40","guid":{"rendered":"http:\/\/sinspeb.org.br\/?p=2582"},"modified":"2021-07-27T12:44:40","modified_gmt":"2021-07-27T15:44:40","slug":"amanha-com-chuva-ou-com-sol-sera-o-grande-dia-da-fase-decisiva-na-luta-pela-aprovacao-da-pec-160-2020","status":"publish","type":"post","link":"https:\/\/sinspeb.org.br\/?p=2582","title":{"rendered":"AMANH\u00c3, COM CHUVA OU COM SOL, SER\u00c1 O GRANDE DIA DA FASE DECISIVA NA LUTA PELA APROVA\u00c7\u00c3O DA PEC 160\/2020"},"content":{"rendered":"<p><img fetchpriority=\"high\" decoding=\"async\" class=\"alignnone size-medium wp-image-2523\" src=\"http:\/\/sinspeb.org.br\/wp-content\/uploads\/2021\/07\/Cartaz-da-Assembleia-Em-frente-a-Governadoria-5--212x300.png\" alt=\"\" width=\"212\" height=\"300\" srcset=\"https:\/\/sinspeb.org.br\/wp-content\/uploads\/2021\/07\/Cartaz-da-Assembleia-Em-frente-a-Governadoria-5--212x300.png 212w, https:\/\/sinspeb.org.br\/wp-content\/uploads\/2021\/07\/Cartaz-da-Assembleia-Em-frente-a-Governadoria-5--724x1024.png 724w, https:\/\/sinspeb.org.br\/wp-content\/uploads\/2021\/07\/Cartaz-da-Assembleia-Em-frente-a-Governadoria-5--768x1086.png 768w, https:\/\/sinspeb.org.br\/wp-content\/uploads\/2021\/07\/Cartaz-da-Assembleia-Em-frente-a-Governadoria-5--1086x1536.png 1086w, https:\/\/sinspeb.org.br\/wp-content\/uploads\/2021\/07\/Cartaz-da-Assembleia-Em-frente-a-Governadoria-5--1448x2048.png 1448w, https:\/\/sinspeb.org.br\/wp-content\/uploads\/2021\/07\/Cartaz-da-Assembleia-Em-frente-a-Governadoria-5-.png 1754w\" sizes=\"(max-width: 212px) 100vw, 212px\" \/><\/p>\n<p>O Presidente do Sindicato dos Servidores da Pol\u00edcia Penal do Estado da Bahia-SINSPPEB, Reivon Pimentel, convoca todos os Servidores e Servidoras da Pol\u00edcia Penal do ESTADO DA BAHIA para participarem de Assembleia Geral Extraordin\u00e1ria em frente \u00e0 Sede da Governadoria.<\/p>\n<p>Esta \u00e9 uma luta de toda categoria, por isso, contamos tamb\u00e9m com a presen\u00e7a maci\u00e7a dos Aposentados e daqueles que laboram no GEOP, GSI e na Central Eletr\u00f4nica de Monitora\u00e7\u00e3o de Pessoas.<\/p>\n<p>SER\u00c1 REALIZADA UMA CONCENTRA\u00c7\u00c3O \u00c0S 8H NA PORTARIA DA SEAP PARA DISTRIBUI\u00c7\u00c3O DAS CAMISAS, M\u00c1SCARAS E BANDEIRAS. DEPOIS, SEGUIREMOS EM CAMINHADA DO PONTO DE CONCENTRA\u00c7\u00c3O AT\u00c9 \u00c0 SEDE DA GOVERNADORIA, ONDE INICIAREMOS A ASSEMBLEIA \u00c0S 09H.<\/p>\n<p>\ud83d\udc55 Lembramos que os que j\u00e1 receberam as camisas, devem ir padronizados.<\/p>\n<p>GEST\u00c3O UFC &#8211; POL\u00cdCIA PENAL J\u00c1! \ud83e\udd1c\ud83c\udffc\ud83e\udd1b\ud83c\udffc<\/p>\n<p>ASCOM &#8211; SINSPPEB<\/p>\n","protected":false},"excerpt":{"rendered":"<p>O Presidente do Sindicato dos Servidores da Pol\u00edcia Penal do Estado da Bahia-SINSPPEB, Reivon Pimentel, convoca todos os Servidores e<\/p>\n","protected":false},"author":3,"featured_media":2525,"comment_status":"open","ping_status":"open","sticky":false,"template":"","format":"standard","meta":{"colormag_page_container_layout":"default_layout","colormag_page_sidebar_layout":"default_layout","footnotes":""},"categories":[45,1],"tags":[],"class_list":["post-2582","post","type-post","status-publish","format-standard","has-post-thumbnail","hentry","category-importante","category-noticias"],"_links":{"self":[{"href":"https:\/\/sinspeb.org.br\/index.php?rest_route=\/wp\/v2\/posts\/2582","targetHints":{"allow":["GET"]}}],"collection":[{"href":"https:\/\/sinspeb.org.br\/index.php?rest_route=\/wp\/v2\/posts"}],"about":[{"href":"https:\/\/sinspeb.org.br\/index.php?rest_route=\/wp\/v2\/types\/post"}],"author":[{"embeddable":true,"href":"https:\/\/sinspeb.org.br\/index.php?rest_route=\/wp\/v2\/users\/3"}],"replies":[{"embeddable":true,"href":"https:\/\/sinspeb.org.br\/index.php?rest_route=%2Fwp%2Fv2%2Fcomments&post=2582"}],"version-history":[{"count":1,"href":"https:\/\/sinspeb.org.br\/index.php?rest_route=\/wp\/v2\/posts\/2582\/revisions"}],"predecessor-version":[{"id":2583,"href":"https:\/\/sinspeb.org.br\/index.php?rest_route=\/wp\/v2\/posts\/2582\/revisions\/2583"}],"wp:featuredmedia":[{"embeddable":true,"href":"https:\/\/sinspeb.org.br\/index.php?rest_route=\/wp\/v2\/media\/2525"}],"wp:attachment":[{"href":"https:\/\/sinspeb.org.br\/index.php?rest_route=%2Fwp%2Fv2%2Fmedia&parent=2582"}],"wp:term":[{"taxonomy":"category","embeddable":true,"href":"https:\/\/sinspeb.org.br\/index.php?rest_route=%2Fwp%2Fv2%2Fcategories&post=2582"},{"taxonomy":"post_tag","embeddable":true,"href":"https:\/\/sinspeb.org.br\/index.php?rest_route=%2Fwp%2Fv2%2Ftags&post=2582"}],"curies":[{"name":"wp","href":"https:\/\/api.w.org\/{rel}","templated":true}]}}