{"id":2588,"date":"2021-07-27T18:52:38","date_gmt":"2021-07-27T21:52:38","guid":{"rendered":"http:\/\/sinspeb.org.br\/?p=2588"},"modified":"2021-07-27T18:54:36","modified_gmt":"2021-07-27T21:54:36","slug":"amanha-28-07-21-com-chuva-ou-com-sol-todos-os-caminhos-nos-levavarao-a-sede-da-governadoria","status":"publish","type":"post","link":"https:\/\/sinspeb.org.br\/?p=2588","title":{"rendered":""},"content":{"rendered":"<div style=\"width: 800px;\" class=\"wp-video\"><!--[if lt IE 9]><script>document.createElement('video');<\/script><![endif]-->\n<video class=\"wp-video-shortcode\" id=\"video-2588-1\" width=\"800\" height=\"800\" preload=\"metadata\" controls=\"controls\"><source type=\"video\/mp4\" src=\"http:\/\/sinspeb.org.br\/wp-content\/uploads\/2021\/07\/Chamada-da-Assembeia-28-de-julho-2.mp4?_=1\" \/><a href=\"http:\/\/sinspeb.org.br\/wp-content\/uploads\/2021\/07\/Chamada-da-Assembeia-28-de-julho-2.mp4\">http:\/\/sinspeb.org.br\/wp-content\/uploads\/2021\/07\/Chamada-da-Assembeia-28-de-julho-2.mp4<\/a><\/video><\/div>\n<p>O Presidente do Sindicato dos Servidores da Pol\u00edcia Penal do Estado da Bahia-SINSPPEB, Reivon Pimentel, convoca todos os Servidores e Servidoras da Pol\u00edcia Penal do ESTADO DA BAHIA para participarem de Assembleia Geral Extraordin\u00e1ria em frente \u00e0 Sede da Governadoria.<\/p>\n<p>Esta \u00e9 uma luta de toda categoria, por isso, contamos tamb\u00e9m com a presen\u00e7a maci\u00e7a dos Aposentados e daqueles que laboram no GEOP, GSI e na Central Eletr\u00f4nica de Monitora\u00e7\u00e3o de Pessoas.<\/p>\n<p>SER\u00c1 REALIZADA UMA CONCENTRA\u00c7\u00c3O \u00c0S 8H NA PORTARIA DA SEAP PARA DISTRIBUI\u00c7\u00c3O DAS CAMISAS, M\u00c1SCARAS E BANDEIRAS. DEPOIS, SEGUIREMOS EM CAMINHADA DO PONTO DE CONCENTRA\u00c7\u00c3O AT\u00c9 \u00c0 SEDE DA GOVERNADORIA, ONDE INICIAREMOS A ASSEMBLEIA \u00c0S 09H.<\/p>\n<p>\ud83d\udc55 Lembramos que os que j\u00e1 receberam as camisas, devem ir padronizados.<\/p>\n<p>GEST\u00c3O UFC &#8211; POL\u00cdCIA PENAL J\u00c1! \ud83e\udd1c\ud83c\udffc\ud83e\udd1b\ud83c\udffc<\/p>\n<p>ASCOM &#8211; SINSPPEB<\/p>\n","protected":false},"excerpt":{"rendered":"<p>O Presidente do Sindicato dos Servidores da Pol\u00edcia Penal do Estado da Bahia-SINSPPEB, Reivon Pimentel, convoca todos os Servidores e<\/p>\n","protected":false},"author":3,"featured_media":2589,"comment_status":"open","ping_status":"open","sticky":false,"template":"","format":"standard","meta":{"colormag_page_container_layout":"default_layout","colormag_page_sidebar_layout":"default_layout","footnotes":""},"categories":[45,1],"tags":[],"class_list":["post-2588","post","type-post","status-publish","format-standard","has-post-thumbnail","hentry","category-importante","category-noticias"],"_links":{"self":[{"href":"https:\/\/sinspeb.org.br\/index.php?rest_route=\/wp\/v2\/posts\/2588","targetHints":{"allow":["GET"]}}],"collection":[{"href":"https:\/\/sinspeb.org.br\/index.php?rest_route=\/wp\/v2\/posts"}],"about":[{"href":"https:\/\/sinspeb.org.br\/index.php?rest_route=\/wp\/v2\/types\/post"}],"author":[{"embeddable":true,"href":"https:\/\/sinspeb.org.br\/index.php?rest_route=\/wp\/v2\/users\/3"}],"replies":[{"embeddable":true,"href":"https:\/\/sinspeb.org.br\/index.php?rest_route=%2Fwp%2Fv2%2Fcomments&post=2588"}],"version-history":[{"count":3,"href":"https:\/\/sinspeb.org.br\/index.php?rest_route=\/wp\/v2\/posts\/2588\/revisions"}],"predecessor-version":[{"id":2593,"href":"https:\/\/sinspeb.org.br\/index.php?rest_route=\/wp\/v2\/posts\/2588\/revisions\/2593"}],"wp:featuredmedia":[{"embeddable":true,"href":"https:\/\/sinspeb.org.br\/index.php?rest_route=\/wp\/v2\/media\/2589"}],"wp:attachment":[{"href":"https:\/\/sinspeb.org.br\/index.php?rest_route=%2Fwp%2Fv2%2Fmedia&parent=2588"}],"wp:term":[{"taxonomy":"category","embeddable":true,"href":"https:\/\/sinspeb.org.br\/index.php?rest_route=%2Fwp%2Fv2%2Fcategories&post=2588"},{"taxonomy":"post_tag","embeddable":true,"href":"https:\/\/sinspeb.org.br\/index.php?rest_route=%2Fwp%2Fv2%2Ftags&post=2588"}],"curies":[{"name":"wp","href":"https:\/\/api.w.org\/{rel}","templated":true}]}}