{"id":2594,"date":"2021-07-28T15:42:37","date_gmt":"2021-07-28T18:42:37","guid":{"rendered":"http:\/\/sinspeb.org.br\/?p=2594"},"modified":"2021-07-28T15:42:37","modified_gmt":"2021-07-28T18:42:37","slug":"gestao-ufc-do-sinsppeb-homenageia-guerreira-rosenice-que-foi-nomeada-ontem-para-o-cargo-de-agente-penitenciario","status":"publish","type":"post","link":"https:\/\/sinspeb.org.br\/?p=2594","title":{"rendered":"GEST\u00c3O UFC DO SINSPPEB HOMENAGEIA GUERREIRA ROSENICE QUE FOI NOMEADA ONTEM PARA O CARGO DE AGENTE PENITENCI\u00c1RIO"},"content":{"rendered":"<p>&nbsp;<\/p>\n<p><img fetchpriority=\"high\" decoding=\"async\" class=\"alignnone size-medium wp-image-2595\" src=\"http:\/\/sinspeb.org.br\/wp-content\/uploads\/2021\/07\/IMG_20210728_153323_454-240x300.jpg\" alt=\"\" width=\"240\" height=\"300\" srcset=\"https:\/\/sinspeb.org.br\/wp-content\/uploads\/2021\/07\/IMG_20210728_153323_454-240x300.jpg 240w, https:\/\/sinspeb.org.br\/wp-content\/uploads\/2021\/07\/IMG_20210728_153323_454-819x1024.jpg 819w, https:\/\/sinspeb.org.br\/wp-content\/uploads\/2021\/07\/IMG_20210728_153323_454-768x960.jpg 768w, https:\/\/sinspeb.org.br\/wp-content\/uploads\/2021\/07\/IMG_20210728_153323_454.jpg 960w\" sizes=\"(max-width: 240px) 100vw, 240px\" \/><\/p>\n<p>A data 27 de julho de 2021 vai ficar marcada na vida da vitoriosa Rosenice da Concei\u00e7\u00e3o. Depois de participar do concurso de 2014 e ser aprovada, s\u00f3 ontem, ap\u00f3s 07 (sete) anos, ela conquistou a t\u00e3o sonhada nomea\u00e7\u00e3o.<\/p>\n<p>Rosa, como carinhosamente \u00e9 conhecida, foi uma das maiores guerreiras que se fizeram presentes no acampamento montado por mais de 06 (seis) meses no gramado da Assembleia Legislativa da Bahia-ALBA. Foram dias dif\u00edceis, de abnega\u00e7\u00e3o, entrega, onde pais e m\u00e3es de fam\u00edlias deixaram seus lares para viverem em barracas de lona, enfrentando sol, chuva, frio e fome, por\u00e9m, com toda dificuldade permaneceram unidos, perseverantes e resistentes.<\/p>\n<p>Vale ressaltar, que Rosa participou ativamente das mobiliza\u00e7\u00f5es em prol da convoca\u00e7\u00e3o dos candidatos no Tribunal Regional do Trabalho-TRT, na ALBA, no acampamento e tamb\u00e9m nas passeatas. Al\u00e9m disso, ela buscou insistentemente convencer os ju\u00edzes do Juizado Especial da Fazenda P\u00fablica acerca do direito \u00e0 nomea\u00e7\u00e3o dos aprovados no concurso de 2014.<\/p>\n<p>Em virtude de tudo o que foi exposto acima a respeito desta mulher aguerrida, a Gest\u00e3o UFC do SINSPPEB homenageia Rosenice da Concei\u00e7\u00e3o, que a partir de ontem, se tornou Servidora da Pol\u00edcia Penal! Parab\u00e9ns! Voc\u00ea fez por merecer! \ud83e\udd73\ud83e\udd73\ud83e\udd73\ud83e\udd73\ud83e\udd73\ud83e\udd73\ud83d\udc4f\ud83c\udffc\ud83d\udc4f\ud83c\udffc\ud83d\udc4f\ud83c\udffc\ud83d\udc4f\ud83c\udffc\ud83d\udc4f\ud83c\udffc\ud83d\udc4f\ud83c\udffc\ud83d\udc4f\ud83c\udffc<\/p>\n<p>ASCOM &#8211; SINSPPEB<\/p>\n","protected":false},"excerpt":{"rendered":"<p>&nbsp; A data 27 de julho de 2021 vai ficar marcada na vida da vitoriosa Rosenice da Concei\u00e7\u00e3o. Depois de<\/p>\n","protected":false},"author":3,"featured_media":2597,"comment_status":"open","ping_status":"open","sticky":false,"template":"","format":"standard","meta":{"colormag_page_container_layout":"default_layout","colormag_page_sidebar_layout":"default_layout","footnotes":""},"categories":[45,1],"tags":[],"class_list":["post-2594","post","type-post","status-publish","format-standard","has-post-thumbnail","hentry","category-importante","category-noticias"],"_links":{"self":[{"href":"https:\/\/sinspeb.org.br\/index.php?rest_route=\/wp\/v2\/posts\/2594","targetHints":{"allow":["GET"]}}],"collection":[{"href":"https:\/\/sinspeb.org.br\/index.php?rest_route=\/wp\/v2\/posts"}],"about":[{"href":"https:\/\/sinspeb.org.br\/index.php?rest_route=\/wp\/v2\/types\/post"}],"author":[{"embeddable":true,"href":"https:\/\/sinspeb.org.br\/index.php?rest_route=\/wp\/v2\/users\/3"}],"replies":[{"embeddable":true,"href":"https:\/\/sinspeb.org.br\/index.php?rest_route=%2Fwp%2Fv2%2Fcomments&post=2594"}],"version-history":[{"count":2,"href":"https:\/\/sinspeb.org.br\/index.php?rest_route=\/wp\/v2\/posts\/2594\/revisions"}],"predecessor-version":[{"id":2598,"href":"https:\/\/sinspeb.org.br\/index.php?rest_route=\/wp\/v2\/posts\/2594\/revisions\/2598"}],"wp:featuredmedia":[{"embeddable":true,"href":"https:\/\/sinspeb.org.br\/index.php?rest_route=\/wp\/v2\/media\/2597"}],"wp:attachment":[{"href":"https:\/\/sinspeb.org.br\/index.php?rest_route=%2Fwp%2Fv2%2Fmedia&parent=2594"}],"wp:term":[{"taxonomy":"category","embeddable":true,"href":"https:\/\/sinspeb.org.br\/index.php?rest_route=%2Fwp%2Fv2%2Fcategories&post=2594"},{"taxonomy":"post_tag","embeddable":true,"href":"https:\/\/sinspeb.org.br\/index.php?rest_route=%2Fwp%2Fv2%2Ftags&post=2594"}],"curies":[{"name":"wp","href":"https:\/\/api.w.org\/{rel}","templated":true}]}}