{"id":2600,"date":"2021-07-29T22:03:52","date_gmt":"2021-07-30T01:03:52","guid":{"rendered":"http:\/\/sinspeb.org.br\/?p=2600"},"modified":"2021-07-29T22:03:52","modified_gmt":"2021-07-30T01:03:52","slug":"durante-assembleia-geral-extraordinaria-representantes-do-sinsppeb-sao-convidados-para-se-reunirem-com-representantes-da-serin","status":"publish","type":"post","link":"https:\/\/sinspeb.org.br\/?p=2600","title":{"rendered":"DURANTE ASSEMBLEIA GERAL EXTRAORDIN\u00c1RIA, REPRESENTANTES DO SINSPPEB S\u00c3O CONVIDADOS PARA SE REUNIREM COM REPRESENTANTES DA SERIN"},"content":{"rendered":"<div style=\"width: 480px;\" class=\"wp-video\"><!--[if lt IE 9]><script>document.createElement('video');<\/script><![endif]-->\n<video class=\"wp-video-shortcode\" id=\"video-2600-1\" width=\"480\" height=\"480\" preload=\"metadata\" controls=\"controls\"><source type=\"video\/mp4\" src=\"http:\/\/sinspeb.org.br\/wp-content\/uploads\/2021\/07\/Assembleia-do-dia-28-de-julho-definitivo2.mp4?_=1\" \/><a href=\"http:\/\/sinspeb.org.br\/wp-content\/uploads\/2021\/07\/Assembleia-do-dia-28-de-julho-definitivo2.mp4\">http:\/\/sinspeb.org.br\/wp-content\/uploads\/2021\/07\/Assembleia-do-dia-28-de-julho-definitivo2.mp4<\/a><\/video><\/div>\n<p>O Presidente do Sindicato dos Servidores da Pol\u00edcia Penal do Estado da Bahia-SINSPPEB, Reivon Pimentel, em conformidade com o disposto nos artigos 13, I, d e 48, f do Estatuto do Sindicato, realizou na manh\u00e3 de ontem (28.07.21), Assembleia Geral Extraordin\u00e1ria em frente \u00e0 Sede da Governadoria.<\/p>\n<p>Os Servidores sa\u00edram da Portaria da Sede da Secretaria de Administra\u00e7\u00e3o Penitenci\u00e1ria e Ressocializa\u00e7\u00e3o do Estado da Bahia-SEAP\/BA em caminhada at\u00e9 \u00e0 Sede da Governadoria, para sinalizar ao Senhor Governador do Estado da Bahia, a insatisfa\u00e7\u00e3o dos Servidores Penitenci\u00e1rios com a morosidade na aprova\u00e7\u00e3o da PEC da Pol\u00edcia Penal da Bahia e para alert\u00e1-lo sobre uma prov\u00e1vel crise no Sistema Prisional, que produzir\u00e1 consequ\u00eancias imprevis\u00edveis.<\/p>\n<p>J\u00e1 em frente \u00e0 Sede da Governadoria, os Policiais Penais baianos reuniram-se em Assembleia, cuja pauta foi cobrar do Governo do Estado celeridade na aprova\u00e7\u00e3o da PEC 160\/2020 que criar\u00e1 a Pol\u00edcia Penal da Bahia.<\/p>\n<p>Outro ponto de pauta, foi o Grav\u00edssimo D\u00e9ficit de Policiais Penais nas Unidades Prisionais baianas, e a postura omissiva da gest\u00e3o da SEAP\/BA, frente ao problema.<\/p>\n<p>Haja vista, a sinaliza\u00e7\u00e3o pelo Minist\u00e9rio P\u00fablico Estadual de que envidaria esfor\u00e7os junto ao Governo do Estado para que os pontos cr\u00edticos que deram causa ao protesto dos Servidores na manh\u00e3 de ontem fossem sanados, bem como, a manifesta\u00e7\u00e3o do Secret\u00e1rio Nestor Duarte de que se reuniria com os representantes do SINSPPEB para tentar equacionar os problemas, o Presidente do SINSPPEB, Reivon Pimentel, prop\u00f4s, e a plen\u00e1ria, por unanimidade, deliberou pela realiza\u00e7\u00e3o de uma nova Assembleia, no pr\u00f3ximo dia 11.08.2021, em frente \u00e0 Assembleia Legislativa da Bahia, com indicativo de greve, para decidir sobre os poss\u00edveis avan\u00e7os nas negocia\u00e7\u00f5es durante esses 15 (quinze) dias.<\/p>\n<p>Enquanto os Servidores estavam reunidos em frente \u00e0 Sede da Governadoria, a representa\u00e7\u00e3o da Secretaria de Rela\u00e7\u00f5es Institucionais do Estado da Bahia-SERIN, recebeu os representantes do SINSPPEB para uma conversa, momento em que todas as informa\u00e7\u00f5es foram passadas e informados os pontos cr\u00edticos motivadores do protesto. As informa\u00e7\u00f5es ser\u00e3o repassadas para o Secret\u00e1rio da SERIN, o Sr. Luiz Carlos Caetano, como tamb\u00e9m para a Casa Civil do Governador. Embora houvesse assegurado, atrav\u00e9s de contato telef\u00f4nico com o Presidente do SINSPPEB na ter\u00e7a-feira (27.07.21) de que receberia os representantes do SINSPPEB no dia da realiza\u00e7\u00e3o da Assembleia, o Secret\u00e1rio Nestor Duarte n\u00e3o cumpriu, mais uma vez, com a sua palavra e se mant\u00e9m silente at\u00e9 o momento.<\/p>\n<p>O SINSPPEB e a categoria dos Servidores Penitenci\u00e1rios permanecem mobilizados e buscando solu\u00e7\u00e3o diplom\u00e1tica desta crise instalada no Sistema Prisional baiano e espera que nesses pr\u00f3ximos quinze dias encontremos uma solu\u00e7\u00e3o que atenda aos interesses coletivos para que possamos evitar a DEFLAGRA\u00c7\u00c3O DE GREVE GERAL no Sistema Prisional baiano.<\/p>\n<p>Registramos nesta oportunidade, que tamb\u00e9m se fizeram presentes na Assembleia, os companheiros do Sindicato dos Policiais Civis do Estado da Bahia-SINDPOC: Eust\u00e1cio Lopes (Presidente), Agrimaldo e Edvaldo (ambos Dirigentes).<\/p>\n<p>\u2747\ufe0f Assistam ao v\u00eddeo acima sobre os principais momentos da Assembleia de ontem!\u261d\ud83c\udffc<\/p>\n<p>GEST\u00c3O UFC &#8211; SEMPRE ATUANTE NA DEFESA DOS INTERESSES DA CATEGORIA!<\/p>\n<p>ASCOM &#8211; SINSPPEB<\/p>\n","protected":false},"excerpt":{"rendered":"<p>O Presidente do Sindicato dos Servidores da Pol\u00edcia Penal do Estado da Bahia-SINSPPEB, Reivon Pimentel, em conformidade com o disposto<\/p>\n","protected":false},"author":3,"featured_media":2604,"comment_status":"open","ping_status":"open","sticky":false,"template":"","format":"standard","meta":{"colormag_page_container_layout":"default_layout","colormag_page_sidebar_layout":"default_layout","footnotes":""},"categories":[45,1],"tags":[],"class_list":["post-2600","post","type-post","status-publish","format-standard","has-post-thumbnail","hentry","category-importante","category-noticias"],"_links":{"self":[{"href":"https:\/\/sinspeb.org.br\/index.php?rest_route=\/wp\/v2\/posts\/2600","targetHints":{"allow":["GET"]}}],"collection":[{"href":"https:\/\/sinspeb.org.br\/index.php?rest_route=\/wp\/v2\/posts"}],"about":[{"href":"https:\/\/sinspeb.org.br\/index.php?rest_route=\/wp\/v2\/types\/post"}],"author":[{"embeddable":true,"href":"https:\/\/sinspeb.org.br\/index.php?rest_route=\/wp\/v2\/users\/3"}],"replies":[{"embeddable":true,"href":"https:\/\/sinspeb.org.br\/index.php?rest_route=%2Fwp%2Fv2%2Fcomments&post=2600"}],"version-history":[{"count":1,"href":"https:\/\/sinspeb.org.br\/index.php?rest_route=\/wp\/v2\/posts\/2600\/revisions"}],"predecessor-version":[{"id":2605,"href":"https:\/\/sinspeb.org.br\/index.php?rest_route=\/wp\/v2\/posts\/2600\/revisions\/2605"}],"wp:featuredmedia":[{"embeddable":true,"href":"https:\/\/sinspeb.org.br\/index.php?rest_route=\/wp\/v2\/media\/2604"}],"wp:attachment":[{"href":"https:\/\/sinspeb.org.br\/index.php?rest_route=%2Fwp%2Fv2%2Fmedia&parent=2600"}],"wp:term":[{"taxonomy":"category","embeddable":true,"href":"https:\/\/sinspeb.org.br\/index.php?rest_route=%2Fwp%2Fv2%2Fcategories&post=2600"},{"taxonomy":"post_tag","embeddable":true,"href":"https:\/\/sinspeb.org.br\/index.php?rest_route=%2Fwp%2Fv2%2Ftags&post=2600"}],"curies":[{"name":"wp","href":"https:\/\/api.w.org\/{rel}","templated":true}]}}