{"id":2606,"date":"2021-07-31T08:29:46","date_gmt":"2021-07-31T11:29:46","guid":{"rendered":"http:\/\/sinspeb.org.br\/?p=2606"},"modified":"2021-08-18T18:53:03","modified_gmt":"2021-08-18T21:53:03","slug":"representantes-do-sinsppeb-participarao-de-manifestacao-em-brasilia-contra-a-pec-32-2020","status":"publish","type":"post","link":"https:\/\/sinspeb.org.br\/?p=2606","title":{"rendered":"REPRESENTANTES DO SINSPPEB PARTICIPAR\u00c3O DE MANIFESTA\u00c7\u00c3O EM BRAS\u00cdLIA CONTRA A PEC 32\/2020"},"content":{"rendered":"<p><img fetchpriority=\"high\" decoding=\"async\" class=\"alignnone size-medium wp-image-2607\" src=\"http:\/\/sinspeb.org.br\/wp-content\/uploads\/2021\/07\/IMG-20210730-WA0032-300x300.jpg\" alt=\"\" width=\"300\" height=\"300\" srcset=\"https:\/\/sinspeb.org.br\/wp-content\/uploads\/2021\/07\/IMG-20210730-WA0032-300x300.jpg 300w, https:\/\/sinspeb.org.br\/wp-content\/uploads\/2021\/07\/IMG-20210730-WA0032-1024x1024.jpg 1024w, https:\/\/sinspeb.org.br\/wp-content\/uploads\/2021\/07\/IMG-20210730-WA0032-150x150.jpg 150w, https:\/\/sinspeb.org.br\/wp-content\/uploads\/2021\/07\/IMG-20210730-WA0032-768x768.jpg 768w, https:\/\/sinspeb.org.br\/wp-content\/uploads\/2021\/07\/IMG-20210730-WA0032.jpg 1080w\" sizes=\"(max-width: 300px) 100vw, 300px\" \/><\/p>\n<p>Considerando que o retorno das atividades parlamentares se dar\u00e1 no pr\u00f3ximo dia 03.08.21(ter\u00e7a-feira), Servidores P\u00fablicos de todo o Brasil participar\u00e3o nesta citada data, de uma Grande Manifesta\u00e7\u00e3o em Bras\u00edlia contra a PEC 32\/2020 (Reforma Administrativa).<\/p>\n<p>O objetivo desta manifesta\u00e7\u00e3o \u00e9 lutar contra o desmonte dos servi\u00e7os p\u00fablicos e reivindicar aos parlamentares que N\u00c3O votem a favor desta PEC que trar\u00e1 preju\u00edzos ao Servidor que j\u00e1 \u00e9 penalizado de muitas formas.<\/p>\n<p>De forma resumida, pode-se dizer que boa parte da proposta de reforma da Administra\u00e7\u00e3o P\u00fablica contida na PEC 32\/2020 consiste em retirar a primazia do concurso p\u00fablico como instrumento de sele\u00e7\u00e3o de pessoal, enfraquecer e\/ou eliminar a estabilidade dos Servidores civis estatut\u00e1rios e reduzir os patamares salariais, al\u00e9m de transferir atividades p\u00fablicas para a iniciativa privada e dar amplos poderes ao Presidente da Rep\u00fablica para reorganizar o funcionamento do Estado de forma arbitr\u00e1ria e sem qualquer discuss\u00e3o com o Congresso Nacional e com a Sociedade.<\/p>\n<p>Por isso, como n\u00e3o poderia ser diferente, os Guerreiros do Sindicato dos Servidores da Pol\u00edcia Penal do Estado da Bahia-SINSPPEB: Reivon, Jos\u00e9 Ramalho, Anderson e Jorge viajar\u00e3o para Bras\u00edlia, onde representar\u00e3o os Policiais Penais baianos. L\u00e1, eles se unir\u00e3o aos demais Diretores da Federa\u00e7\u00e3o Sindical Nacional de Servidores Penitenci\u00e1rios e Policiais Penais-FENASPPEN, sob a lideran\u00e7a do Presidente Fernando Anuncia\u00e7\u00e3o, bem como, com os representantes da Uni\u00e3o dos Policiais do Brasil-UPB, para lutarem unidos contra a PEC 32\/2020 e a favor do Servi\u00e7o P\u00fablico.<\/p>\n<p>GEST\u00c3O UFC \u2013 DIGA N\u00c3O \u00c0 REFORMA ADMINISTRATIVA!<\/p>\n<p>ASCOM &#8211; SINSPPEB<\/p>\n","protected":false},"excerpt":{"rendered":"<p>Considerando que o retorno das atividades parlamentares se dar\u00e1 no pr\u00f3ximo dia 03.08.21(ter\u00e7a-feira), Servidores P\u00fablicos de todo o Brasil participar\u00e3o<\/p>\n","protected":false},"author":3,"featured_media":2610,"comment_status":"open","ping_status":"open","sticky":false,"template":"","format":"standard","meta":{"colormag_page_container_layout":"default_layout","colormag_page_sidebar_layout":"default_layout","footnotes":""},"categories":[45,1],"tags":[],"class_list":["post-2606","post","type-post","status-publish","format-standard","has-post-thumbnail","hentry","category-importante","category-noticias"],"_links":{"self":[{"href":"https:\/\/sinspeb.org.br\/index.php?rest_route=\/wp\/v2\/posts\/2606","targetHints":{"allow":["GET"]}}],"collection":[{"href":"https:\/\/sinspeb.org.br\/index.php?rest_route=\/wp\/v2\/posts"}],"about":[{"href":"https:\/\/sinspeb.org.br\/index.php?rest_route=\/wp\/v2\/types\/post"}],"author":[{"embeddable":true,"href":"https:\/\/sinspeb.org.br\/index.php?rest_route=\/wp\/v2\/users\/3"}],"replies":[{"embeddable":true,"href":"https:\/\/sinspeb.org.br\/index.php?rest_route=%2Fwp%2Fv2%2Fcomments&post=2606"}],"version-history":[{"count":3,"href":"https:\/\/sinspeb.org.br\/index.php?rest_route=\/wp\/v2\/posts\/2606\/revisions"}],"predecessor-version":[{"id":2707,"href":"https:\/\/sinspeb.org.br\/index.php?rest_route=\/wp\/v2\/posts\/2606\/revisions\/2707"}],"wp:featuredmedia":[{"embeddable":true,"href":"https:\/\/sinspeb.org.br\/index.php?rest_route=\/wp\/v2\/media\/2610"}],"wp:attachment":[{"href":"https:\/\/sinspeb.org.br\/index.php?rest_route=%2Fwp%2Fv2%2Fmedia&parent=2606"}],"wp:term":[{"taxonomy":"category","embeddable":true,"href":"https:\/\/sinspeb.org.br\/index.php?rest_route=%2Fwp%2Fv2%2Fcategories&post=2606"},{"taxonomy":"post_tag","embeddable":true,"href":"https:\/\/sinspeb.org.br\/index.php?rest_route=%2Fwp%2Fv2%2Ftags&post=2606"}],"curies":[{"name":"wp","href":"https:\/\/api.w.org\/{rel}","templated":true}]}}