{"id":2612,"date":"2021-07-31T10:28:43","date_gmt":"2021-07-31T13:28:43","guid":{"rendered":"http:\/\/sinspeb.org.br\/?p=2612"},"modified":"2021-07-31T10:28:43","modified_gmt":"2021-07-31T13:28:43","slug":"iab-se-posiciona-contra-a-privatizacao-de-presidios-no-pais","status":"publish","type":"post","link":"https:\/\/sinspeb.org.br\/?p=2612","title":{"rendered":"IAB se posiciona contra a Privatiza\u00e7\u00e3o de Pres\u00eddios no Pa\u00eds"},"content":{"rendered":"<p>Instituto dos Advogados Brasileiros (IAB) se posiciona contra a Privatiza\u00e7\u00e3o de Pres\u00eddios no Pa\u00eds. Para o \u00f3rg\u00e3o, a mudan\u00e7a na Gest\u00e3o de Unidades Prisionais \u00e9 motivada &#8220;exclusivamente pelo lucro&#8221;.<\/p>\n<p>\u2705 Leia mais em: \ud83d\udc47\ud83c\udffc<\/p>\n<p>https:\/\/noticias.uol.com.br\/ultimas-noticias\/agencia-estado\/2021\/07\/29\/privatizacao-de-presidio-no-pais-visa-exclusivamente-o-lucro-afirmam-advogados.htm<\/p>\n<p>ASCOM &#8211; SINSPPEB<\/p>\n","protected":false},"excerpt":{"rendered":"<p>Instituto dos Advogados Brasileiros (IAB) se posiciona contra a Privatiza\u00e7\u00e3o de Pres\u00eddios no Pa\u00eds. Para o \u00f3rg\u00e3o, a mudan\u00e7a na<\/p>\n","protected":false},"author":3,"featured_media":1336,"comment_status":"open","ping_status":"open","sticky":false,"template":"","format":"standard","meta":{"colormag_page_container_layout":"default_layout","colormag_page_sidebar_layout":"default_layout","footnotes":""},"categories":[45,1],"tags":[],"class_list":["post-2612","post","type-post","status-publish","format-standard","has-post-thumbnail","hentry","category-importante","category-noticias"],"_links":{"self":[{"href":"https:\/\/sinspeb.org.br\/index.php?rest_route=\/wp\/v2\/posts\/2612","targetHints":{"allow":["GET"]}}],"collection":[{"href":"https:\/\/sinspeb.org.br\/index.php?rest_route=\/wp\/v2\/posts"}],"about":[{"href":"https:\/\/sinspeb.org.br\/index.php?rest_route=\/wp\/v2\/types\/post"}],"author":[{"embeddable":true,"href":"https:\/\/sinspeb.org.br\/index.php?rest_route=\/wp\/v2\/users\/3"}],"replies":[{"embeddable":true,"href":"https:\/\/sinspeb.org.br\/index.php?rest_route=%2Fwp%2Fv2%2Fcomments&post=2612"}],"version-history":[{"count":1,"href":"https:\/\/sinspeb.org.br\/index.php?rest_route=\/wp\/v2\/posts\/2612\/revisions"}],"predecessor-version":[{"id":2613,"href":"https:\/\/sinspeb.org.br\/index.php?rest_route=\/wp\/v2\/posts\/2612\/revisions\/2613"}],"wp:featuredmedia":[{"embeddable":true,"href":"https:\/\/sinspeb.org.br\/index.php?rest_route=\/wp\/v2\/media\/1336"}],"wp:attachment":[{"href":"https:\/\/sinspeb.org.br\/index.php?rest_route=%2Fwp%2Fv2%2Fmedia&parent=2612"}],"wp:term":[{"taxonomy":"category","embeddable":true,"href":"https:\/\/sinspeb.org.br\/index.php?rest_route=%2Fwp%2Fv2%2Fcategories&post=2612"},{"taxonomy":"post_tag","embeddable":true,"href":"https:\/\/sinspeb.org.br\/index.php?rest_route=%2Fwp%2Fv2%2Ftags&post=2612"}],"curies":[{"name":"wp","href":"https:\/\/api.w.org\/{rel}","templated":true}]}}