{"id":2614,"date":"2021-08-02T13:28:56","date_gmt":"2021-08-02T16:28:56","guid":{"rendered":"http:\/\/sinspeb.org.br\/?p=2614"},"modified":"2021-08-02T13:28:56","modified_gmt":"2021-08-02T16:28:56","slug":"parabens-aos-eleitos-e-eleitas-de-mato-grosso","status":"publish","type":"post","link":"https:\/\/sinspeb.org.br\/?p=2614","title":{"rendered":"Parab\u00e9ns aos Eleitos e Eleitas de Mato Grosso!"},"content":{"rendered":"<p>O Presidente do Sindicato dos Servidores da Pol\u00edcia Penal do Estado da Bahia-SINSPPEB, Reivon Pimentel e toda Gest\u00e3o Uni\u00e3o, For\u00e7a e Conquistas-UFC, parabenizam o Policial Penal Amauri Benedito Paix\u00e3o pela merecida vit\u00f3ria de ter sido eleito Presidente do Sindicato dos Servidores Penitenci\u00e1rios do Estado de Mato Grosso-SINDSPEN-MT.<\/p>\n<p>Estendemos os nossos parab\u00e9ns ao Ricardo (Vice-Presidente), a Leyd Laura (Tesoureira Geral), a Maria Elena (Diretora de Conv\u00eanio) e ao Lucivaldo Vieira (Secret\u00e1rio Geral).<\/p>\n<p>Vale ressaltar que atual Presidente do SINDSPEN-MT \u00e9 a Guerreira Jacira Maria da Costa Silva que durante mais de 15 (quinze) anos desenvolveu um excelente trabalho \u00e0 frente da Institui\u00e7\u00e3o.<\/p>\n<p>\u2728 Desejamos a todos(as) eleitos(as) muito sucesso nesta nova empreitada! Que os novos desafios lhes tragam muito crescimento e motiva\u00e7\u00e3o, bem como, que sejam alcan\u00e7adas numerosas conquistas para a categoria de Mato Grosso neste mandato que se inicia! \u2728<\/p>\n<p>Parab\u00e9ns!!! \ud83e\udd73\ud83e\udd73\ud83e\udd73\ud83d\udc4f\ud83c\udffc\ud83d\udc4f\ud83c\udffc\ud83d\udc4f\ud83c\udffc\ud83d\udc4f\ud83c\udffc\ud83d\udc4f\ud83c\udffc\ud83d\udc4f\ud83c\udffc\ud83d\udc4f\ud83c\udffc<\/p>\n<p><img fetchpriority=\"high\" decoding=\"async\" class=\"alignnone size-medium wp-image-2615\" src=\"http:\/\/sinspeb.org.br\/wp-content\/uploads\/2021\/08\/IMG-20210801-WA0041-300x288.jpg\" alt=\"\" width=\"300\" height=\"288\" srcset=\"https:\/\/sinspeb.org.br\/wp-content\/uploads\/2021\/08\/IMG-20210801-WA0041-300x288.jpg 300w, https:\/\/sinspeb.org.br\/wp-content\/uploads\/2021\/08\/IMG-20210801-WA0041-1024x984.jpg 1024w, https:\/\/sinspeb.org.br\/wp-content\/uploads\/2021\/08\/IMG-20210801-WA0041-768x738.jpg 768w, https:\/\/sinspeb.org.br\/wp-content\/uploads\/2021\/08\/IMG-20210801-WA0041.jpg 1280w\" sizes=\"(max-width: 300px) 100vw, 300px\" \/><\/p>\n<p>ASCOM &#8211; SINSPPEB<\/p>\n","protected":false},"excerpt":{"rendered":"<p>O Presidente do Sindicato dos Servidores da Pol\u00edcia Penal do Estado da Bahia-SINSPPEB, Reivon Pimentel e toda Gest\u00e3o Uni\u00e3o, For\u00e7a<\/p>\n","protected":false},"author":3,"featured_media":2616,"comment_status":"open","ping_status":"open","sticky":false,"template":"","format":"standard","meta":{"colormag_page_container_layout":"default_layout","colormag_page_sidebar_layout":"default_layout","footnotes":""},"categories":[45,1],"tags":[],"class_list":["post-2614","post","type-post","status-publish","format-standard","has-post-thumbnail","hentry","category-importante","category-noticias"],"_links":{"self":[{"href":"https:\/\/sinspeb.org.br\/index.php?rest_route=\/wp\/v2\/posts\/2614","targetHints":{"allow":["GET"]}}],"collection":[{"href":"https:\/\/sinspeb.org.br\/index.php?rest_route=\/wp\/v2\/posts"}],"about":[{"href":"https:\/\/sinspeb.org.br\/index.php?rest_route=\/wp\/v2\/types\/post"}],"author":[{"embeddable":true,"href":"https:\/\/sinspeb.org.br\/index.php?rest_route=\/wp\/v2\/users\/3"}],"replies":[{"embeddable":true,"href":"https:\/\/sinspeb.org.br\/index.php?rest_route=%2Fwp%2Fv2%2Fcomments&post=2614"}],"version-history":[{"count":1,"href":"https:\/\/sinspeb.org.br\/index.php?rest_route=\/wp\/v2\/posts\/2614\/revisions"}],"predecessor-version":[{"id":2617,"href":"https:\/\/sinspeb.org.br\/index.php?rest_route=\/wp\/v2\/posts\/2614\/revisions\/2617"}],"wp:featuredmedia":[{"embeddable":true,"href":"https:\/\/sinspeb.org.br\/index.php?rest_route=\/wp\/v2\/media\/2616"}],"wp:attachment":[{"href":"https:\/\/sinspeb.org.br\/index.php?rest_route=%2Fwp%2Fv2%2Fmedia&parent=2614"}],"wp:term":[{"taxonomy":"category","embeddable":true,"href":"https:\/\/sinspeb.org.br\/index.php?rest_route=%2Fwp%2Fv2%2Fcategories&post=2614"},{"taxonomy":"post_tag","embeddable":true,"href":"https:\/\/sinspeb.org.br\/index.php?rest_route=%2Fwp%2Fv2%2Ftags&post=2614"}],"curies":[{"name":"wp","href":"https:\/\/api.w.org\/{rel}","templated":true}]}}