{"id":2618,"date":"2021-08-03T16:11:21","date_gmt":"2021-08-03T19:11:21","guid":{"rendered":"http:\/\/sinspeb.org.br\/?p=2618"},"modified":"2021-08-12T15:09:32","modified_gmt":"2021-08-12T18:09:32","slug":"presidente-do-sinsppeb-protocola-oficios-junto-as-autoridades-competentes-com-intuito-de-requerer-solucoes-imediatas-para-os-problemas-que-fragilizam-o-sistema-prisional-baiano","status":"publish","type":"post","link":"https:\/\/sinspeb.org.br\/?p=2618","title":{"rendered":"PRESIDENTE DO SINSPPEB PROTOCOLA OF\u00cdCIOS JUNTO \u00c0S AUTORIDADES COMPETENTES COM INTUITO DE REQUERER SOLU\u00c7\u00d5ES IMEDIATAS PARA OS PROBLEMAS QUE FRAGILIZAM O SISTEMA PRISIONAL BAIANO"},"content":{"rendered":"<p>&nbsp;<\/p>\n<p>Na tarde da \u00faltima sexta-feira (30.07.21), levando em conta as delibera\u00e7\u00f5es acordadas na Assembleia Geral Extraordin\u00e1ria ocorrida no dia 28 de julho em frente \u00e0 Sede da Governadoria; o Presidente do Sindicato dos Servidores da Pol\u00edcia Penal do Estado da Bahia-SINSPPEB, Reivon Pimentel, protocolou of\u00edcios junto \u00e0 Secretaria de Administra\u00e7\u00e3o Penitenci\u00e1ria e Ressocializa\u00e7\u00e3o do Estado da Bahia-SEAP (of\u00edcio n\u00ba 155), \u00e0 Governadoria (of\u00edcio n\u00ba 156), Secretaria de Rela\u00e7\u00f5es Institucionais-SERIN (n\u00ba 157), \u00e0 Procuradora Geral de Justi\u00e7a (of\u00edcio n\u00ba 158), ao Presidente do Tribunal de Justi\u00e7a (of\u00edcio n\u00ba 159), \u00e0 Promotora de Justi\u00e7a Chefe de Fiscaliza\u00e7\u00e3o e Inspe\u00e7\u00e3o das Unidades Prisionais de Salvador (of\u00edcio n\u00ba 160), ao Coordenador da Unidade de Monitoramento de Execu\u00e7\u00e3o da Pena e Medidas de Seguran\u00e7a (of\u00edcio n\u00ba 161) e ao Presidente da Assembleia Legislativa (of\u00edcio n\u00ba 162).<\/p>\n<p>Frisamos que, os of\u00edcios encaminhados ao Sr. Nestor Duarte, ao Sr. Rui Costa, ao Senhor Luiz Carlos Caetano, \u00e0 Dra. Norma Ang\u00e9lica Reis, ao Dr. Lourival Almeida, \u00e0 Dra. Andrea Adriana, ao Dr. Edmundo Reis e ao Sr. Adolfo Menezes tiveram como finalidade a apresenta\u00e7\u00e3o da ATA da Assembleia, entrega de Relat\u00f3rio Sobre a Pol\u00edcia Penal no Brasil, entrega do levantamento sobre a imin\u00eancia de passagem para inatividade dos Agentes Penitenci\u00e1rios que ingressaram no Sistema Prisional na d\u00e9cada de 1990, e solicita\u00e7\u00e3o de audi\u00eancia.<\/p>\n<p>A Diretoria do SINSPPEB preza pelo di\u00e1logo e por isso vem reiteradamente solicitando das autoridades citadas acima, solu\u00e7\u00f5es emergenciais para cessar os conflitos de interesses que envolvem o D\u00e9ficit de Policiais Penais nas Unidades Prisionais e a morosidade na aprova\u00e7\u00e3o da PEC 160\/2020.<\/p>\n<p>Desta maneira, n\u00e3o havendo resposta favor\u00e1vel aos of\u00edcios protocolados at\u00e9 a pr\u00f3xima Assembleia que ser\u00e1 realizada no dia 11 de agosto do ano corrente, ser\u00e1 deflagrada GREVE GERAL POR TEMPO INDETERMINADO.<\/p>\n<p><img fetchpriority=\"high\" decoding=\"async\" class=\"alignnone size-medium wp-image-2623\" src=\"http:\/\/sinspeb.org.br\/wp-content\/uploads\/2021\/08\/Oficio-159-de-2021-TJBA-mediacao1-212x300.png\" alt=\"\" width=\"212\" height=\"300\" srcset=\"https:\/\/sinspeb.org.br\/wp-content\/uploads\/2021\/08\/Oficio-159-de-2021-TJBA-mediacao1-212x300.png 212w, https:\/\/sinspeb.org.br\/wp-content\/uploads\/2021\/08\/Oficio-159-de-2021-TJBA-mediacao1-724x1024.png 724w, https:\/\/sinspeb.org.br\/wp-content\/uploads\/2021\/08\/Oficio-159-de-2021-TJBA-mediacao1-768x1086.png 768w, https:\/\/sinspeb.org.br\/wp-content\/uploads\/2021\/08\/Oficio-159-de-2021-TJBA-mediacao1-1086x1536.png 1086w, https:\/\/sinspeb.org.br\/wp-content\/uploads\/2021\/08\/Oficio-159-de-2021-TJBA-mediacao1.png 1240w\" sizes=\"(max-width: 212px) 100vw, 212px\" \/><\/p>\n<p><img decoding=\"async\" class=\"alignnone size-medium wp-image-2624\" src=\"http:\/\/sinspeb.org.br\/wp-content\/uploads\/2021\/08\/Oficio-158-de-2021-PGJ-mediacao1-212x300.png\" alt=\"\" width=\"212\" height=\"300\" srcset=\"https:\/\/sinspeb.org.br\/wp-content\/uploads\/2021\/08\/Oficio-158-de-2021-PGJ-mediacao1-212x300.png 212w, https:\/\/sinspeb.org.br\/wp-content\/uploads\/2021\/08\/Oficio-158-de-2021-PGJ-mediacao1-724x1024.png 724w, https:\/\/sinspeb.org.br\/wp-content\/uploads\/2021\/08\/Oficio-158-de-2021-PGJ-mediacao1-768x1086.png 768w, https:\/\/sinspeb.org.br\/wp-content\/uploads\/2021\/08\/Oficio-158-de-2021-PGJ-mediacao1-1086x1536.png 1086w, https:\/\/sinspeb.org.br\/wp-content\/uploads\/2021\/08\/Oficio-158-de-2021-PGJ-mediacao1.png 1240w\" sizes=\"(max-width: 212px) 100vw, 212px\" \/> <img decoding=\"async\" class=\"alignnone size-medium wp-image-2625\" src=\"http:\/\/sinspeb.org.br\/wp-content\/uploads\/2021\/08\/Oficio-160-de-2021-Promotoria-de-Justica1-212x300.png\" alt=\"\" width=\"212\" height=\"300\" srcset=\"https:\/\/sinspeb.org.br\/wp-content\/uploads\/2021\/08\/Oficio-160-de-2021-Promotoria-de-Justica1-212x300.png 212w, https:\/\/sinspeb.org.br\/wp-content\/uploads\/2021\/08\/Oficio-160-de-2021-Promotoria-de-Justica1-724x1024.png 724w, https:\/\/sinspeb.org.br\/wp-content\/uploads\/2021\/08\/Oficio-160-de-2021-Promotoria-de-Justica1-768x1086.png 768w, https:\/\/sinspeb.org.br\/wp-content\/uploads\/2021\/08\/Oficio-160-de-2021-Promotoria-de-Justica1-1086x1536.png 1086w, https:\/\/sinspeb.org.br\/wp-content\/uploads\/2021\/08\/Oficio-160-de-2021-Promotoria-de-Justica1.png 1240w\" sizes=\"(max-width: 212px) 100vw, 212px\" \/> <img loading=\"lazy\" decoding=\"async\" class=\"alignnone size-medium wp-image-2626\" src=\"http:\/\/sinspeb.org.br\/wp-content\/uploads\/2021\/08\/Oficio-161-de-2021-a-UMEP1-212x300.png\" alt=\"\" width=\"212\" height=\"300\" srcset=\"https:\/\/sinspeb.org.br\/wp-content\/uploads\/2021\/08\/Oficio-161-de-2021-a-UMEP1-212x300.png 212w, https:\/\/sinspeb.org.br\/wp-content\/uploads\/2021\/08\/Oficio-161-de-2021-a-UMEP1-724x1024.png 724w, https:\/\/sinspeb.org.br\/wp-content\/uploads\/2021\/08\/Oficio-161-de-2021-a-UMEP1-768x1086.png 768w, https:\/\/sinspeb.org.br\/wp-content\/uploads\/2021\/08\/Oficio-161-de-2021-a-UMEP1-1086x1536.png 1086w, https:\/\/sinspeb.org.br\/wp-content\/uploads\/2021\/08\/Oficio-161-de-2021-a-UMEP1.png 1240w\" sizes=\"(max-width: 212px) 100vw, 212px\" \/> <img loading=\"lazy\" decoding=\"async\" class=\"alignnone size-medium wp-image-2627\" src=\"http:\/\/sinspeb.org.br\/wp-content\/uploads\/2021\/08\/Oficio-162-de-2021-a-ALBA-apresentacao-de-ata-assembleia1-212x300.png\" alt=\"\" width=\"212\" height=\"300\" srcset=\"https:\/\/sinspeb.org.br\/wp-content\/uploads\/2021\/08\/Oficio-162-de-2021-a-ALBA-apresentacao-de-ata-assembleia1-212x300.png 212w, https:\/\/sinspeb.org.br\/wp-content\/uploads\/2021\/08\/Oficio-162-de-2021-a-ALBA-apresentacao-de-ata-assembleia1-724x1024.png 724w, https:\/\/sinspeb.org.br\/wp-content\/uploads\/2021\/08\/Oficio-162-de-2021-a-ALBA-apresentacao-de-ata-assembleia1-768x1086.png 768w, https:\/\/sinspeb.org.br\/wp-content\/uploads\/2021\/08\/Oficio-162-de-2021-a-ALBA-apresentacao-de-ata-assembleia1-1086x1536.png 1086w, https:\/\/sinspeb.org.br\/wp-content\/uploads\/2021\/08\/Oficio-162-de-2021-a-ALBA-apresentacao-de-ata-assembleia1.png 1240w\" sizes=\"(max-width: 212px) 100vw, 212px\" \/> <img loading=\"lazy\" decoding=\"async\" class=\"alignnone size-medium wp-image-2628\" src=\"http:\/\/sinspeb.org.br\/wp-content\/uploads\/2021\/08\/Oficio-157-a-Serin1-212x300.png\" alt=\"\" width=\"212\" height=\"300\" srcset=\"https:\/\/sinspeb.org.br\/wp-content\/uploads\/2021\/08\/Oficio-157-a-Serin1-212x300.png 212w, https:\/\/sinspeb.org.br\/wp-content\/uploads\/2021\/08\/Oficio-157-a-Serin1-724x1024.png 724w, https:\/\/sinspeb.org.br\/wp-content\/uploads\/2021\/08\/Oficio-157-a-Serin1-768x1086.png 768w, https:\/\/sinspeb.org.br\/wp-content\/uploads\/2021\/08\/Oficio-157-a-Serin1-1086x1536.png 1086w, https:\/\/sinspeb.org.br\/wp-content\/uploads\/2021\/08\/Oficio-157-a-Serin1.png 1240w\" sizes=\"(max-width: 212px) 100vw, 212px\" \/> <img loading=\"lazy\" decoding=\"async\" class=\"alignnone size-medium wp-image-2629\" src=\"http:\/\/sinspeb.org.br\/wp-content\/uploads\/2021\/08\/Oficio-155-SEAP-Apresentacao-de-Ata2-212x300.png\" alt=\"\" width=\"212\" height=\"300\" srcset=\"https:\/\/sinspeb.org.br\/wp-content\/uploads\/2021\/08\/Oficio-155-SEAP-Apresentacao-de-Ata2-212x300.png 212w, https:\/\/sinspeb.org.br\/wp-content\/uploads\/2021\/08\/Oficio-155-SEAP-Apresentacao-de-Ata2-724x1024.png 724w, https:\/\/sinspeb.org.br\/wp-content\/uploads\/2021\/08\/Oficio-155-SEAP-Apresentacao-de-Ata2-768x1086.png 768w, https:\/\/sinspeb.org.br\/wp-content\/uploads\/2021\/08\/Oficio-155-SEAP-Apresentacao-de-Ata2-1086x1536.png 1086w, https:\/\/sinspeb.org.br\/wp-content\/uploads\/2021\/08\/Oficio-155-SEAP-Apresentacao-de-Ata2.png 1240w\" sizes=\"(max-width: 212px) 100vw, 212px\" \/> <img loading=\"lazy\" decoding=\"async\" class=\"alignnone size-medium wp-image-2630\" src=\"http:\/\/sinspeb.org.br\/wp-content\/uploads\/2021\/08\/Oficio-156-a-Governadoria1-212x300.png\" alt=\"\" width=\"212\" height=\"300\" srcset=\"https:\/\/sinspeb.org.br\/wp-content\/uploads\/2021\/08\/Oficio-156-a-Governadoria1-212x300.png 212w, https:\/\/sinspeb.org.br\/wp-content\/uploads\/2021\/08\/Oficio-156-a-Governadoria1-724x1024.png 724w, https:\/\/sinspeb.org.br\/wp-content\/uploads\/2021\/08\/Oficio-156-a-Governadoria1-768x1086.png 768w, https:\/\/sinspeb.org.br\/wp-content\/uploads\/2021\/08\/Oficio-156-a-Governadoria1-1086x1536.png 1086w, https:\/\/sinspeb.org.br\/wp-content\/uploads\/2021\/08\/Oficio-156-a-Governadoria1.png 1240w\" sizes=\"(max-width: 212px) 100vw, 212px\" \/><\/p>\n<p>&nbsp;<\/p>\n<p>GEST\u00c3O UFC \u2013 POR RESPEITO E LABOR DIGNO!<\/p>\n<p>ASCOM \u2013 SINSPPEB<\/p>\n","protected":false},"excerpt":{"rendered":"<p>&nbsp; Na tarde da \u00faltima sexta-feira (30.07.21), levando em conta as delibera\u00e7\u00f5es acordadas na Assembleia Geral Extraordin\u00e1ria ocorrida no dia<\/p>\n","protected":false},"author":3,"featured_media":2086,"comment_status":"open","ping_status":"open","sticky":false,"template":"","format":"standard","meta":{"colormag_page_container_layout":"default_layout","colormag_page_sidebar_layout":"default_layout","footnotes":""},"categories":[45,1],"tags":[],"class_list":["post-2618","post","type-post","status-publish","format-standard","has-post-thumbnail","hentry","category-importante","category-noticias"],"_links":{"self":[{"href":"https:\/\/sinspeb.org.br\/index.php?rest_route=\/wp\/v2\/posts\/2618","targetHints":{"allow":["GET"]}}],"collection":[{"href":"https:\/\/sinspeb.org.br\/index.php?rest_route=\/wp\/v2\/posts"}],"about":[{"href":"https:\/\/sinspeb.org.br\/index.php?rest_route=\/wp\/v2\/types\/post"}],"author":[{"embeddable":true,"href":"https:\/\/sinspeb.org.br\/index.php?rest_route=\/wp\/v2\/users\/3"}],"replies":[{"embeddable":true,"href":"https:\/\/sinspeb.org.br\/index.php?rest_route=%2Fwp%2Fv2%2Fcomments&post=2618"}],"version-history":[{"count":5,"href":"https:\/\/sinspeb.org.br\/index.php?rest_route=\/wp\/v2\/posts\/2618\/revisions"}],"predecessor-version":[{"id":2622,"href":"https:\/\/sinspeb.org.br\/index.php?rest_route=\/wp\/v2\/posts\/2618\/revisions\/2622"}],"wp:featuredmedia":[{"embeddable":true,"href":"https:\/\/sinspeb.org.br\/index.php?rest_route=\/wp\/v2\/media\/2086"}],"wp:attachment":[{"href":"https:\/\/sinspeb.org.br\/index.php?rest_route=%2Fwp%2Fv2%2Fmedia&parent=2618"}],"wp:term":[{"taxonomy":"category","embeddable":true,"href":"https:\/\/sinspeb.org.br\/index.php?rest_route=%2Fwp%2Fv2%2Fcategories&post=2618"},{"taxonomy":"post_tag","embeddable":true,"href":"https:\/\/sinspeb.org.br\/index.php?rest_route=%2Fwp%2Fv2%2Ftags&post=2618"}],"curies":[{"name":"wp","href":"https:\/\/api.w.org\/{rel}","templated":true}]}}