{"id":2640,"date":"2021-08-05T14:20:39","date_gmt":"2021-08-05T17:20:39","guid":{"rendered":"http:\/\/sinspeb.org.br\/?p=2640"},"modified":"2021-08-05T14:20:39","modified_gmt":"2021-08-05T17:20:39","slug":"protesto-em-brasilia-marca-luta-contra-a-pec-da-reforma-deforma-administrativa","status":"publish","type":"post","link":"https:\/\/sinspeb.org.br\/?p=2640","title":{"rendered":"PROTESTO EM BRAS\u00cdLIA MARCA LUTA CONTRA A PEC DA &#8220;REFORMA&#8221; (DEFORMA) ADMINISTRATIVA"},"content":{"rendered":"<div style=\"width: 480px;\" class=\"wp-video\"><!--[if lt IE 9]><script>document.createElement('video');<\/script><![endif]-->\n<video class=\"wp-video-shortcode\" id=\"video-2640-1\" width=\"480\" height=\"480\" preload=\"metadata\" controls=\"controls\"><source type=\"video\/mp4\" src=\"http:\/\/sinspeb.org.br\/wp-content\/uploads\/2021\/08\/Viagem-para-Brasilia-03.08.21-terminado2.mp4?_=1\" \/><a href=\"http:\/\/sinspeb.org.br\/wp-content\/uploads\/2021\/08\/Viagem-para-Brasilia-03.08.21-terminado2.mp4\">http:\/\/sinspeb.org.br\/wp-content\/uploads\/2021\/08\/Viagem-para-Brasilia-03.08.21-terminado2.mp4<\/a><\/video><\/div>\n<p>Na tarde de ter\u00e7a-feira (03.08.21), ocorreu em Bras\u00edlia Mobiliza\u00e7\u00e3o contra a PEC 32\/2020 que contou com a participa\u00e7\u00e3o de aproximadamente 1.000 (mil) pessoas, dentre estas, representantes de diversas categorias. Todavia, era n\u00edtido que a maioria dos participantes era formada por Servidores da Seguran\u00e7a P\u00fablica.<\/p>\n<p>Ao decorrer da manifesta\u00e7\u00e3o, alguns Deputados, L\u00edderes de Movimentos Sociais e Representantes Sindicais tiveram oportunidade de expressar suas indigna\u00e7\u00f5es com a tramita\u00e7\u00e3o da destruidora PEC da Reforma Administrativa.<\/p>\n<p>Na ocasi\u00e3o, discursaram com intrepidez o Presidente da FENASPPEN, Fernando Anuncia\u00e7\u00e3o, o Presidente do SINSPPEB e Vice-presidente da FENASPPEN, Reivon Pimentel, a Deputada Federal Alice Portugal (PCdoB), o Deputado Federal Lincoln Portela (PL), o Presidente da COBRAPOL, Andr\u00e9 Gutierrez e Pol\u00edcias Penais de muitos Estados.<\/p>\n<p>Salientamos que, todas as falas foram un\u00e2nimes em afirmar que a aprova\u00e7\u00e3o da PEC 32\/2020 acabar\u00e1 com o servi\u00e7o p\u00fablico e trar\u00e1 grande dano a toda a sociedade brasileira, pois esta, no decurso da pandemia, usufruiu e ainda usufrui do atendimento organizado aos pacientes com Covid-19, atrav\u00e9s do servi\u00e7o ofertado pelo SUS.<\/p>\n<p>Outra preocupa\u00e7\u00e3o relevante \u00e9 a possibilidade de terceiriza\u00e7\u00e3o da Seguran\u00e7a P\u00fablica, permitindo assim, o avan\u00e7o inimagin\u00e1vel da corrup\u00e7\u00e3o no Brasil. Como ser\u00e1 poss\u00edvel aplicar a Lei \u00e0s autoridades e seus conhecidos, se ficar\u00e1 a encargo deles mesmos demitir em qualquer tempo o Servidor P\u00fablico?<\/p>\n<p>\u2747\ufe0f Assistam ao v\u00eddeo acima! \u261d\ud83c\udffc<\/p>\n<p>GEST\u00c3O UFC \u2013 CONTRA O DESMONTE DO SERVI\u00c7O P\u00daBLICO!<\/p>\n<p>ASCOM- SINSPPEB<\/p>\n","protected":false},"excerpt":{"rendered":"<p>Na tarde de ter\u00e7a-feira (03.08.21), ocorreu em Bras\u00edlia Mobiliza\u00e7\u00e3o contra a PEC 32\/2020 que contou com a participa\u00e7\u00e3o de aproximadamente<\/p>\n","protected":false},"author":3,"featured_media":2641,"comment_status":"open","ping_status":"open","sticky":false,"template":"","format":"standard","meta":{"colormag_page_container_layout":"default_layout","colormag_page_sidebar_layout":"default_layout","footnotes":""},"categories":[45,1],"tags":[],"class_list":["post-2640","post","type-post","status-publish","format-standard","has-post-thumbnail","hentry","category-importante","category-noticias"],"_links":{"self":[{"href":"https:\/\/sinspeb.org.br\/index.php?rest_route=\/wp\/v2\/posts\/2640","targetHints":{"allow":["GET"]}}],"collection":[{"href":"https:\/\/sinspeb.org.br\/index.php?rest_route=\/wp\/v2\/posts"}],"about":[{"href":"https:\/\/sinspeb.org.br\/index.php?rest_route=\/wp\/v2\/types\/post"}],"author":[{"embeddable":true,"href":"https:\/\/sinspeb.org.br\/index.php?rest_route=\/wp\/v2\/users\/3"}],"replies":[{"embeddable":true,"href":"https:\/\/sinspeb.org.br\/index.php?rest_route=%2Fwp%2Fv2%2Fcomments&post=2640"}],"version-history":[{"count":1,"href":"https:\/\/sinspeb.org.br\/index.php?rest_route=\/wp\/v2\/posts\/2640\/revisions"}],"predecessor-version":[{"id":2643,"href":"https:\/\/sinspeb.org.br\/index.php?rest_route=\/wp\/v2\/posts\/2640\/revisions\/2643"}],"wp:featuredmedia":[{"embeddable":true,"href":"https:\/\/sinspeb.org.br\/index.php?rest_route=\/wp\/v2\/media\/2641"}],"wp:attachment":[{"href":"https:\/\/sinspeb.org.br\/index.php?rest_route=%2Fwp%2Fv2%2Fmedia&parent=2640"}],"wp:term":[{"taxonomy":"category","embeddable":true,"href":"https:\/\/sinspeb.org.br\/index.php?rest_route=%2Fwp%2Fv2%2Fcategories&post=2640"},{"taxonomy":"post_tag","embeddable":true,"href":"https:\/\/sinspeb.org.br\/index.php?rest_route=%2Fwp%2Fv2%2Ftags&post=2640"}],"curies":[{"name":"wp","href":"https:\/\/api.w.org\/{rel}","templated":true}]}}