{"id":2644,"date":"2021-08-06T15:36:15","date_gmt":"2021-08-06T18:36:15","guid":{"rendered":"http:\/\/sinspeb.org.br\/?p=2644"},"modified":"2021-08-06T15:36:15","modified_gmt":"2021-08-06T18:36:15","slug":"em-reuniao-secretario-executivo-do-sinesp-fala-sobre-identidades-funcionais-dos-policiais-penais-e-dos-cursos-ofertados-pela-senasp","status":"publish","type":"post","link":"https:\/\/sinspeb.org.br\/?p=2644","title":{"rendered":"EM REUNI\u00c3O, SECRET\u00c1RIO EXECUTIVO DO SINESP FALA SOBRE IDENTIDADES FUNCIONAIS DOS POLICIAIS PENAIS E DOS CURSOS OFERTADOS PELA SENASP"},"content":{"rendered":"<p><img decoding=\"async\" class=\"alignnone size-medium wp-image-2648\" src=\"http:\/\/sinspeb.org.br\/wp-content\/uploads\/2021\/08\/IMG-20210805-WA0054-300x135.jpg\" alt=\"\" width=\"300\" height=\"135\" srcset=\"https:\/\/sinspeb.org.br\/wp-content\/uploads\/2021\/08\/IMG-20210805-WA0054-300x135.jpg 300w, https:\/\/sinspeb.org.br\/wp-content\/uploads\/2021\/08\/IMG-20210805-WA0054-1024x461.jpg 1024w, https:\/\/sinspeb.org.br\/wp-content\/uploads\/2021\/08\/IMG-20210805-WA0054-768x346.jpg 768w, https:\/\/sinspeb.org.br\/wp-content\/uploads\/2021\/08\/IMG-20210805-WA0054.jpg 1280w\" sizes=\"(max-width: 300px) 100vw, 300px\" \/><\/p>\n<p>Representantes da Pol\u00edcia Penal de v\u00e1rios Estados do Brasil, dentre eles os guerreiros do SINSPPEB, se reuniram na \u00faltima quarta-feira (04.08.21), no Minist\u00e9rio da Justi\u00e7a com o Policial Penal Roniewerton Pacheco Fernandes, que atualmente \u00e9 Secret\u00e1rio Executivo Substituto junto ao Conselho Gestor do Sistema Nacional de Informa\u00e7\u00f5es de Seguran\u00e7a P\u00fablica, Prisionais e de Rastreabilidade de Armas e Muni\u00e7\u00f5es, e sobre Material Gen\u00e9tico, Digitais e Drogas- SINESP.<\/p>\n<p>Durante a reuni\u00e3o, os Diretores da Federa\u00e7\u00e3o Nacional Sindical de Servidores Penitenci\u00e1rios e Policiais Penais-FENASPPEN, apresentaram solicita\u00e7\u00e3o a respeito das identidades funcionais dos Policiais Penais. Diante desta solicita\u00e7\u00e3o, o Secret\u00e1rio do SINESP informou que a Secretaria Nacional est\u00e1 normatizando e padronizando as carteiras de todos os \u00f3rg\u00e3os da Seguran\u00e7a P\u00fablica, como por exemplo: Pol\u00edcia Civil, Pol\u00edcia Militar, Bombeiros, Peritos, Agentes de Tr\u00e2nsito e Guardas Municipais.<\/p>\n<p><img decoding=\"async\" class=\"alignnone size-medium wp-image-2649\" src=\"http:\/\/sinspeb.org.br\/wp-content\/uploads\/2021\/08\/IMG-20210805-WA0059-300x135.jpg\" alt=\"\" width=\"300\" height=\"135\" srcset=\"https:\/\/sinspeb.org.br\/wp-content\/uploads\/2021\/08\/IMG-20210805-WA0059-300x135.jpg 300w, https:\/\/sinspeb.org.br\/wp-content\/uploads\/2021\/08\/IMG-20210805-WA0059-1024x461.jpg 1024w, https:\/\/sinspeb.org.br\/wp-content\/uploads\/2021\/08\/IMG-20210805-WA0059-768x346.jpg 768w, https:\/\/sinspeb.org.br\/wp-content\/uploads\/2021\/08\/IMG-20210805-WA0059.jpg 1280w\" sizes=\"(max-width: 300px) 100vw, 300px\" \/><\/p>\n<p>A solicita\u00e7\u00e3o da FENASPPEN foi encaminhada ao gabinete do Ministro, que j\u00e1 despachou para o Departamento Penitenci\u00e1rio Nacional-DEPEN. O modelo j\u00e1 encontra-se parametrizado, e de acordo com Roniewerton: \u201cem breve teremos as carteiras funcionais normatizadas em padr\u00e3o \u00fanico para todos os integrantes do Sistema \u00danico de Seguran\u00e7a P\u00fablica-SUSP, onde j\u00e1 est\u00e3o inclu\u00eddos os Policiais Penais e demais Servidores da Seguran\u00e7a P\u00fablica\u201d.<\/p>\n<p>Foram tamb\u00e9m debatidos pontos importantes sobre o futuro da Categoria de Policiais Penais dentro do Sistema de Seguran\u00e7a P\u00fablica. Ademais, foram prestados alguns esclarecimentos quanto \u00e0 reformula\u00e7\u00e3o dos cursos disponibilizados pela nova plataforma de ensino da Secretaria Nacional de Seguran\u00e7a P\u00fablica-SENASP. Sendo assim, a partir de agora, os cursos ser\u00e3o oferecidos para cada categoria especificamente, desta forma, o curso que for ofertado para os Policiais Militares n\u00e3o poder\u00e1 ser feito pelos Policiais Penais e vice-versa.<\/p>\n<p>GEST\u00c3O UFC &#8211; SEMPRE EM PROL DA CATEGORIA!<\/p>\n<p>ASCOM \u2013 SINSPPEB<\/p>\n","protected":false},"excerpt":{"rendered":"<p>Representantes da Pol\u00edcia Penal de v\u00e1rios Estados do Brasil, dentre eles os guerreiros do SINSPPEB, se reuniram na \u00faltima quarta-feira<\/p>\n","protected":false},"author":3,"featured_media":2651,"comment_status":"open","ping_status":"open","sticky":false,"template":"","format":"standard","meta":{"colormag_page_container_layout":"default_layout","colormag_page_sidebar_layout":"default_layout","footnotes":""},"categories":[45,1],"tags":[],"class_list":["post-2644","post","type-post","status-publish","format-standard","has-post-thumbnail","hentry","category-importante","category-noticias"],"_links":{"self":[{"href":"https:\/\/sinspeb.org.br\/index.php?rest_route=\/wp\/v2\/posts\/2644","targetHints":{"allow":["GET"]}}],"collection":[{"href":"https:\/\/sinspeb.org.br\/index.php?rest_route=\/wp\/v2\/posts"}],"about":[{"href":"https:\/\/sinspeb.org.br\/index.php?rest_route=\/wp\/v2\/types\/post"}],"author":[{"embeddable":true,"href":"https:\/\/sinspeb.org.br\/index.php?rest_route=\/wp\/v2\/users\/3"}],"replies":[{"embeddable":true,"href":"https:\/\/sinspeb.org.br\/index.php?rest_route=%2Fwp%2Fv2%2Fcomments&post=2644"}],"version-history":[{"count":1,"href":"https:\/\/sinspeb.org.br\/index.php?rest_route=\/wp\/v2\/posts\/2644\/revisions"}],"predecessor-version":[{"id":2652,"href":"https:\/\/sinspeb.org.br\/index.php?rest_route=\/wp\/v2\/posts\/2644\/revisions\/2652"}],"wp:featuredmedia":[{"embeddable":true,"href":"https:\/\/sinspeb.org.br\/index.php?rest_route=\/wp\/v2\/media\/2651"}],"wp:attachment":[{"href":"https:\/\/sinspeb.org.br\/index.php?rest_route=%2Fwp%2Fv2%2Fmedia&parent=2644"}],"wp:term":[{"taxonomy":"category","embeddable":true,"href":"https:\/\/sinspeb.org.br\/index.php?rest_route=%2Fwp%2Fv2%2Fcategories&post=2644"},{"taxonomy":"post_tag","embeddable":true,"href":"https:\/\/sinspeb.org.br\/index.php?rest_route=%2Fwp%2Fv2%2Ftags&post=2644"}],"curies":[{"name":"wp","href":"https:\/\/api.w.org\/{rel}","templated":true}]}}