{"id":2653,"date":"2021-08-06T21:09:43","date_gmt":"2021-08-07T00:09:43","guid":{"rendered":"http:\/\/sinspeb.org.br\/?p=2653"},"modified":"2021-08-06T21:09:43","modified_gmt":"2021-08-07T00:09:43","slug":"vice-presidente-e-diretor-juridico-do-sinsppeb-participam-de-reuniao-online-com-comissao-de-direitos-humanos-da-alba","status":"publish","type":"post","link":"https:\/\/sinspeb.org.br\/?p=2653","title":{"rendered":"VICE-PRESIDENTE E DIRETOR JUR\u00cdDICO DO SINSPPEB PARTICIPAM DE REUNI\u00c3O ONLINE COM COMISS\u00c3O DE DIREITOS HUMANOS DA ALBA"},"content":{"rendered":"<p>Na manh\u00e3 de quarta-feira (04.08.21), o Vice-Presidente e o Diretor Jur\u00eddico do SINSPPEB, Fernando Fernandes e Ramon Carvalhal participaram de reuni\u00e3o online, organizada pela Comiss\u00e3o de Direitos Humanos da Assembleia Legislativa da Bahia-ALBA. A reuni\u00e3o contou tamb\u00e9m com a participa\u00e7\u00e3o de representantes de Movimentos Negros e de Desencarceramento, bem como, com a participa\u00e7\u00e3o de dois integrantes do gabinete do Deputado Hilton Coelho (PSOL), a saber: Osvaldo Cordeiro Alves e Zilmar Alverita.<\/p>\n<p>Ao longo do di\u00e1logo, foi destacada a import\u00e2ncia da aprova\u00e7\u00e3o da PEC da Pol\u00edcia Penal e do alinhamento entre os Movimentos Sociais e a milit\u00e2ncia de classe do SINSPPEB, pois tanto a Entidade Sindical quanto estes Movimentos se op\u00f5em \u00e0 terceiriza\u00e7\u00e3o das Unidades Prisionais e s\u00e3o contra a militariza\u00e7\u00e3o que estas Unidades sofrem com a falta de efetivo de Policiais Penais, que al\u00e9m de comprometer o desenvolvimento do trabalho dos Servidores, ainda compromete o acesso dos internos a todos os direitos que lhes s\u00e3o assegurados pela Constitui\u00e7\u00e3o Federal e pela Lei de Execu\u00e7\u00f5es Penais.<\/p>\n<p>Osvaldo e Zilmar, informaram que o Dep. Hilton envidar\u00e1 esfor\u00e7os no que se refere a cobrar solu\u00e7\u00f5es emergenciais junto a Comiss\u00e3o e junto a pr\u00f3pria ALBA sobre os problemas que envolvem o Sistema Prisional, principalmente no que diz respeito ao d\u00e9ficit de Policiais Penais que tende a piorar com as concess\u00f5es de aposentadorias.<\/p>\n<p>GEST\u00c3O UFC &#8211; JUNTOS SOMOS MAIS FORTES, UNIDOS SOMOS IMBAT\u00cdVEIS!<\/p>\n<p>ASCOM \u2013 SINSPPEB<\/p>\n","protected":false},"excerpt":{"rendered":"<p>Na manh\u00e3 de quarta-feira (04.08.21), o Vice-Presidente e o Diretor Jur\u00eddico do SINSPPEB, Fernando Fernandes e Ramon Carvalhal participaram de<\/p>\n","protected":false},"author":3,"featured_media":2414,"comment_status":"open","ping_status":"open","sticky":false,"template":"","format":"standard","meta":{"colormag_page_container_layout":"default_layout","colormag_page_sidebar_layout":"default_layout","footnotes":""},"categories":[45,1],"tags":[],"class_list":["post-2653","post","type-post","status-publish","format-standard","has-post-thumbnail","hentry","category-importante","category-noticias"],"_links":{"self":[{"href":"https:\/\/sinspeb.org.br\/index.php?rest_route=\/wp\/v2\/posts\/2653","targetHints":{"allow":["GET"]}}],"collection":[{"href":"https:\/\/sinspeb.org.br\/index.php?rest_route=\/wp\/v2\/posts"}],"about":[{"href":"https:\/\/sinspeb.org.br\/index.php?rest_route=\/wp\/v2\/types\/post"}],"author":[{"embeddable":true,"href":"https:\/\/sinspeb.org.br\/index.php?rest_route=\/wp\/v2\/users\/3"}],"replies":[{"embeddable":true,"href":"https:\/\/sinspeb.org.br\/index.php?rest_route=%2Fwp%2Fv2%2Fcomments&post=2653"}],"version-history":[{"count":1,"href":"https:\/\/sinspeb.org.br\/index.php?rest_route=\/wp\/v2\/posts\/2653\/revisions"}],"predecessor-version":[{"id":2654,"href":"https:\/\/sinspeb.org.br\/index.php?rest_route=\/wp\/v2\/posts\/2653\/revisions\/2654"}],"wp:featuredmedia":[{"embeddable":true,"href":"https:\/\/sinspeb.org.br\/index.php?rest_route=\/wp\/v2\/media\/2414"}],"wp:attachment":[{"href":"https:\/\/sinspeb.org.br\/index.php?rest_route=%2Fwp%2Fv2%2Fmedia&parent=2653"}],"wp:term":[{"taxonomy":"category","embeddable":true,"href":"https:\/\/sinspeb.org.br\/index.php?rest_route=%2Fwp%2Fv2%2Fcategories&post=2653"},{"taxonomy":"post_tag","embeddable":true,"href":"https:\/\/sinspeb.org.br\/index.php?rest_route=%2Fwp%2Fv2%2Ftags&post=2653"}],"curies":[{"name":"wp","href":"https:\/\/api.w.org\/{rel}","templated":true}]}}