{"id":2655,"date":"2021-08-06T21:49:47","date_gmt":"2021-08-07T00:49:47","guid":{"rendered":"http:\/\/sinspeb.org.br\/?p=2655"},"modified":"2021-08-06T21:49:47","modified_gmt":"2021-08-07T00:49:47","slug":"deputado-federal-fernando-monteiro-defende-que-a-policia-penal-seja-incluida-como-atividade-tipica-de-estado","status":"publish","type":"post","link":"https:\/\/sinspeb.org.br\/?p=2655","title":{"rendered":"DEPUTADO FEDERAL FERNANDO MONTEIRO DEFENDE QUE A POL\u00cdCIA PENAL SEJA INCLU\u00cdDA COMO ATIVIDADE T\u00cdPICA DE ESTADO"},"content":{"rendered":"<p>O Deputado Federal e tamb\u00e9m Presidente da Comiss\u00e3o Especial que est\u00e1 analisando a PEC 32\/2020, Fernando Monteiro (PP) recebeu na tarde de ontem (05.08.21), representantes da Pol\u00edcia Penal de v\u00e1rios Estados, dentre eles, o Presidente e o Diretor do Interior do SINSPPEB, Reivon Pimentel e Jos\u00e9 Ramalho com o objetivo de tratar sobre a condi\u00e7\u00e3o dos Servidores da Seguran\u00e7a P\u00fablica no texto da Reforma Administrativa, principalmente no que se refere aos Policiais Penais.<\/p>\n<p>Questionado durante a reuni\u00e3o se existe sinaliza\u00e7\u00e3o para tratamento diferenciado \u00e0s Categorias de Seguran\u00e7a P\u00fablica, o Dep. Fernando declarou seu posicionamento favor\u00e1vel quanto a esta quest\u00e3o e defendeu que a Pol\u00edcia Penal seja inclu\u00edda como atividade t\u00edpica de Estado.<\/p>\n<p>Cumpre destacar que o relator da Comiss\u00e3o Especial \u00e9 o Deputado Federal baiano Arthur Oliveira Maia (DEM). Por isso, a Diretoria do SINSPPEB buscar\u00e1 agendar uma audi\u00eancia junto ao relator com intuito de solicitar apoio para garantir os direitos dos Policiais Penais.<\/p>\n<p>Ressaltamos ainda, que quem fez a media\u00e7\u00e3o para que fosse agendada esta reuni\u00e3o com o Presidente da Comiss\u00e3o foram os Diretores da FENASPPEN: Jo\u00e3o Carvalho, Joaquim de Andrade, M\u00e1rcia Silva e Sandro Aires, que s\u00e3o integrantes do Sindicato dos Policiais Penais do Sistema Penitenci\u00e1rio do Estado de Pernambuco-SINPOLPEN-PE.<\/p>\n<p>GEST\u00c3O UFC \u2013 RUMO \u00c0 APROVA\u00c7\u00c3O DA PEC 160\/2020!<\/p>\n<p>ASCOM \u2013 SINSPPEB<\/p>\n","protected":false},"excerpt":{"rendered":"<p>O Deputado Federal e tamb\u00e9m Presidente da Comiss\u00e3o Especial que est\u00e1 analisando a PEC 32\/2020, Fernando Monteiro (PP) recebeu na<\/p>\n","protected":false},"author":3,"featured_media":2656,"comment_status":"open","ping_status":"open","sticky":false,"template":"","format":"standard","meta":{"colormag_page_container_layout":"default_layout","colormag_page_sidebar_layout":"default_layout","footnotes":""},"categories":[45,1],"tags":[],"class_list":["post-2655","post","type-post","status-publish","format-standard","has-post-thumbnail","hentry","category-importante","category-noticias"],"_links":{"self":[{"href":"https:\/\/sinspeb.org.br\/index.php?rest_route=\/wp\/v2\/posts\/2655","targetHints":{"allow":["GET"]}}],"collection":[{"href":"https:\/\/sinspeb.org.br\/index.php?rest_route=\/wp\/v2\/posts"}],"about":[{"href":"https:\/\/sinspeb.org.br\/index.php?rest_route=\/wp\/v2\/types\/post"}],"author":[{"embeddable":true,"href":"https:\/\/sinspeb.org.br\/index.php?rest_route=\/wp\/v2\/users\/3"}],"replies":[{"embeddable":true,"href":"https:\/\/sinspeb.org.br\/index.php?rest_route=%2Fwp%2Fv2%2Fcomments&post=2655"}],"version-history":[{"count":1,"href":"https:\/\/sinspeb.org.br\/index.php?rest_route=\/wp\/v2\/posts\/2655\/revisions"}],"predecessor-version":[{"id":2657,"href":"https:\/\/sinspeb.org.br\/index.php?rest_route=\/wp\/v2\/posts\/2655\/revisions\/2657"}],"wp:featuredmedia":[{"embeddable":true,"href":"https:\/\/sinspeb.org.br\/index.php?rest_route=\/wp\/v2\/media\/2656"}],"wp:attachment":[{"href":"https:\/\/sinspeb.org.br\/index.php?rest_route=%2Fwp%2Fv2%2Fmedia&parent=2655"}],"wp:term":[{"taxonomy":"category","embeddable":true,"href":"https:\/\/sinspeb.org.br\/index.php?rest_route=%2Fwp%2Fv2%2Fcategories&post=2655"},{"taxonomy":"post_tag","embeddable":true,"href":"https:\/\/sinspeb.org.br\/index.php?rest_route=%2Fwp%2Fv2%2Ftags&post=2655"}],"curies":[{"name":"wp","href":"https:\/\/api.w.org\/{rel}","templated":true}]}}