{"id":2667,"date":"2021-08-09T15:45:31","date_gmt":"2021-08-09T18:45:31","guid":{"rendered":"http:\/\/sinspeb.org.br\/?p=2667"},"modified":"2021-08-09T15:45:31","modified_gmt":"2021-08-09T18:45:31","slug":"pedido-urgente-de-doacao-de-sangue-%f0%9f%a9%b8-5","status":"publish","type":"post","link":"https:\/\/sinspeb.org.br\/?p=2667","title":{"rendered":"PEDIDO URGENTE DE DOA\u00c7\u00c3O DE SANGUE \ud83e\ude78"},"content":{"rendered":"<p><img fetchpriority=\"high\" decoding=\"async\" class=\"alignnone size-medium wp-image-2668\" src=\"http:\/\/sinspeb.org.br\/wp-content\/uploads\/2021\/08\/Projeto-Policia-Penal-Cidada-72-300x223.png\" alt=\"\" width=\"300\" height=\"223\" srcset=\"https:\/\/sinspeb.org.br\/wp-content\/uploads\/2021\/08\/Projeto-Policia-Penal-Cidada-72-300x223.png 300w, https:\/\/sinspeb.org.br\/wp-content\/uploads\/2021\/08\/Projeto-Policia-Penal-Cidada-72-1024x760.png 1024w, https:\/\/sinspeb.org.br\/wp-content\/uploads\/2021\/08\/Projeto-Policia-Penal-Cidada-72-768x570.png 768w, https:\/\/sinspeb.org.br\/wp-content\/uploads\/2021\/08\/Projeto-Policia-Penal-Cidada-72.png 1491w\" sizes=\"(max-width: 300px) 100vw, 300px\" \/><\/p>\n<p>O Presidente do SINSPPEB, Reivon Pimentel, convoca os Servidores da Pol\u00edcia Penal para colaborarem com este ato de solidariedade que \u00e9 a Doa\u00e7\u00e3o de Sangue para a Senhora Valdelice Santos Ara\u00fajo, que \u00e9 prima do Policial Penal Gilroque (lotado no CPFS).<\/p>\n<p>PONTO DE COLETA:<\/p>\n<p>\ud83e\ude78 GSH-Banco de Sangue de Salvador.<\/p>\n<p>\ud83d\udccd Unidade Hospital S\u00e3o Rafael<\/p>\n<p>End.: Av. S\u00e3o Rafael, n\u00ba 2152, S\u00e3o Marcos.<\/p>\n<p>\ud83d\udccd Contatos do GSH:<\/p>\n<p>\u260e\ufe0f (71) 3281-6295<br \/>\n\ud83d\udcf1 (71) 99718-8708<\/p>\n<p>\ud83d\udcc5 \u23f0 Dia e Hor\u00e1rio de funcionamento:<\/p>\n<p>\u2705 Domingo a domingo: das 07h \u00e0s 18h.<\/p>\n<p>\ud83e\ude78Tipo de sangue:<\/p>\n<p>\u2705 Qualquer tipo<\/p>\n<p>\ud83d\udca1No ato da doa\u00e7\u00e3o, basta apenas informar o nome da paciente.<\/p>\n<p>\ud83d\udca1Caso o candidato \u00e0 doa\u00e7\u00e3o tenha hist\u00f3rico de uso de medica\u00e7\u00f5es, procedimentos cir\u00fargicos, ferimentos ou les\u00f5es de pele, uso de vacinas, hipertens\u00e3o ou outras condi\u00e7\u00f5es de sa\u00fade, dever\u00e1 entrar em contato com o GSH para maiores esclarecimentos, atrav\u00e9s dos n\u00fameros: (71) 3281-6295 ou (71) 99718-8708.<\/p>\n<p>A Fam\u00edlia e os amigos agradecem desde j\u00e1 pelo gesto de amor!<\/p>\n<p>Salvador, 09 de agosto de 2021<br \/>\nASCOM &#8211; SINSPPEB<\/p>\n","protected":false},"excerpt":{"rendered":"<p>O Presidente do SINSPPEB, Reivon Pimentel, convoca os Servidores da Pol\u00edcia Penal para colaborarem com este ato de solidariedade que<\/p>\n","protected":false},"author":3,"featured_media":2670,"comment_status":"open","ping_status":"open","sticky":false,"template":"","format":"standard","meta":{"colormag_page_container_layout":"default_layout","colormag_page_sidebar_layout":"default_layout","footnotes":""},"categories":[45,1],"tags":[],"class_list":["post-2667","post","type-post","status-publish","format-standard","has-post-thumbnail","hentry","category-importante","category-noticias"],"_links":{"self":[{"href":"https:\/\/sinspeb.org.br\/index.php?rest_route=\/wp\/v2\/posts\/2667","targetHints":{"allow":["GET"]}}],"collection":[{"href":"https:\/\/sinspeb.org.br\/index.php?rest_route=\/wp\/v2\/posts"}],"about":[{"href":"https:\/\/sinspeb.org.br\/index.php?rest_route=\/wp\/v2\/types\/post"}],"author":[{"embeddable":true,"href":"https:\/\/sinspeb.org.br\/index.php?rest_route=\/wp\/v2\/users\/3"}],"replies":[{"embeddable":true,"href":"https:\/\/sinspeb.org.br\/index.php?rest_route=%2Fwp%2Fv2%2Fcomments&post=2667"}],"version-history":[{"count":2,"href":"https:\/\/sinspeb.org.br\/index.php?rest_route=\/wp\/v2\/posts\/2667\/revisions"}],"predecessor-version":[{"id":2671,"href":"https:\/\/sinspeb.org.br\/index.php?rest_route=\/wp\/v2\/posts\/2667\/revisions\/2671"}],"wp:featuredmedia":[{"embeddable":true,"href":"https:\/\/sinspeb.org.br\/index.php?rest_route=\/wp\/v2\/media\/2670"}],"wp:attachment":[{"href":"https:\/\/sinspeb.org.br\/index.php?rest_route=%2Fwp%2Fv2%2Fmedia&parent=2667"}],"wp:term":[{"taxonomy":"category","embeddable":true,"href":"https:\/\/sinspeb.org.br\/index.php?rest_route=%2Fwp%2Fv2%2Fcategories&post=2667"},{"taxonomy":"post_tag","embeddable":true,"href":"https:\/\/sinspeb.org.br\/index.php?rest_route=%2Fwp%2Fv2%2Ftags&post=2667"}],"curies":[{"name":"wp","href":"https:\/\/api.w.org\/{rel}","templated":true}]}}