{"id":2672,"date":"2021-08-09T18:01:28","date_gmt":"2021-08-09T21:01:28","guid":{"rendered":"http:\/\/sinspeb.org.br\/?p=2672"},"modified":"2021-08-09T18:03:18","modified_gmt":"2021-08-09T21:03:18","slug":"presidente-do-sinsppeb-solicita-ao-secretario-nestor-duarte-celeridade-no-processo-de-promocao-e-progressao-dos-agentes-penitenciarios","status":"publish","type":"post","link":"https:\/\/sinspeb.org.br\/?p=2672","title":{"rendered":"PRESIDENTE DO SINSPPEB SOLICITA AO SECRET\u00c1RIO NESTOR DUARTE CELERIDADE NO PROCESSO DE PROMO\u00c7\u00c3O E PROGRESS\u00c3O DOS AGENTES PENITENCI\u00c1RIOS"},"content":{"rendered":"<p>No dia 01 de mar\u00e7o do ano corrente, o Secret\u00e1rio de Administra\u00e7\u00e3o Penitenci\u00e1ria e Ressocializa\u00e7\u00e3o do Estado da Bahia, Senhor Nestor Duarte no uso de suas atribui\u00e7\u00f5es, ap\u00f3s cobran\u00e7a feita pelo representante legal da Categoria, Reivon Pimentel, publicou a Portaria n\u00ba 054, informando o in\u00edcio do processo de Promo\u00e7\u00e3o para o grupo ocupacional Agente Penitenci\u00e1rio.<\/p>\n<p>Em virtude desta publica\u00e7\u00e3o, levando em conta que j\u00e1 foram cumpridas todas as etapas exigidas no ato administrativo que iniciou o citado processo, o Presidente do SINSPPEB, solicitou ao Secret\u00e1rio da SEAP no dia 30.07.21, atrav\u00e9s de of\u00edcio (n\u00ba 144), que publicasse em Imprensa Oficial a rela\u00e7\u00e3o de Agentes Penitenci\u00e1rios promovidos, bem como, que tornasse mais c\u00e9lere o processo de Progress\u00e3o e Promo\u00e7\u00e3o na carreira dos atuais Agentes Penitenci\u00e1rios, visto que, a demora traz preju\u00edzos financeiros irrepar\u00e1veis aos Servidores.<\/p>\n<p>Vale informar, que o primeiro avan\u00e7o na carreira, ou seja, do n\u00edvel 3 para o 4, equivale a um aumento de 28% na Gratifica\u00e7\u00e3o de Servi\u00e7os Penitenci\u00e1rios-GSP com reflexo na GSP Judicial, e o segundo, do n\u00edvel 4 para o 5, garante uma majora\u00e7\u00e3o de 26% na GSP. Desta forma, \u00e9 de suma import\u00e2ncia a conclus\u00e3o dos processos de Promo\u00e7\u00e3o (mudan\u00e7a de Classe) e Progress\u00e3o (mudan\u00e7a de n\u00edvel) no atual cen\u00e1rio de aperto salarial.<\/p>\n<p>Ressaltamos que at\u00e9 o momento n\u00e3o obtivemos resposta do Secret\u00e1rio a respeito do of\u00edcio protocolado.<\/p>\n<p><img fetchpriority=\"high\" decoding=\"async\" class=\"alignnone size-medium wp-image-2673\" src=\"http:\/\/sinspeb.org.br\/wp-content\/uploads\/2021\/08\/Oficio-144-de-2021-SEAP-publicacao-de-promocao-e-incio-ao-de-progressao-212x300.png\" alt=\"\" width=\"212\" height=\"300\" srcset=\"https:\/\/sinspeb.org.br\/wp-content\/uploads\/2021\/08\/Oficio-144-de-2021-SEAP-publicacao-de-promocao-e-incio-ao-de-progressao-212x300.png 212w, https:\/\/sinspeb.org.br\/wp-content\/uploads\/2021\/08\/Oficio-144-de-2021-SEAP-publicacao-de-promocao-e-incio-ao-de-progressao-724x1024.png 724w, https:\/\/sinspeb.org.br\/wp-content\/uploads\/2021\/08\/Oficio-144-de-2021-SEAP-publicacao-de-promocao-e-incio-ao-de-progressao-768x1086.png 768w, https:\/\/sinspeb.org.br\/wp-content\/uploads\/2021\/08\/Oficio-144-de-2021-SEAP-publicacao-de-promocao-e-incio-ao-de-progressao-1086x1536.png 1086w, https:\/\/sinspeb.org.br\/wp-content\/uploads\/2021\/08\/Oficio-144-de-2021-SEAP-publicacao-de-promocao-e-incio-ao-de-progressao.png 1240w\" sizes=\"(max-width: 212px) 100vw, 212px\" \/><\/p>\n<p>GEST\u00c3O UFC \u2013 EM DEFESA DOS INTERESSES DA CATEGORIA!<\/p>\n<p>ASCOM \u2013SINSPPEB<\/p>\n","protected":false},"excerpt":{"rendered":"<p>No dia 01 de mar\u00e7o do ano corrente, o Secret\u00e1rio de Administra\u00e7\u00e3o Penitenci\u00e1ria e Ressocializa\u00e7\u00e3o do Estado da Bahia, Senhor<\/p>\n","protected":false},"author":3,"featured_media":2414,"comment_status":"open","ping_status":"open","sticky":false,"template":"","format":"standard","meta":{"colormag_page_container_layout":"default_layout","colormag_page_sidebar_layout":"default_layout","footnotes":""},"categories":[45,1],"tags":[],"class_list":["post-2672","post","type-post","status-publish","format-standard","has-post-thumbnail","hentry","category-importante","category-noticias"],"_links":{"self":[{"href":"https:\/\/sinspeb.org.br\/index.php?rest_route=\/wp\/v2\/posts\/2672","targetHints":{"allow":["GET"]}}],"collection":[{"href":"https:\/\/sinspeb.org.br\/index.php?rest_route=\/wp\/v2\/posts"}],"about":[{"href":"https:\/\/sinspeb.org.br\/index.php?rest_route=\/wp\/v2\/types\/post"}],"author":[{"embeddable":true,"href":"https:\/\/sinspeb.org.br\/index.php?rest_route=\/wp\/v2\/users\/3"}],"replies":[{"embeddable":true,"href":"https:\/\/sinspeb.org.br\/index.php?rest_route=%2Fwp%2Fv2%2Fcomments&post=2672"}],"version-history":[{"count":1,"href":"https:\/\/sinspeb.org.br\/index.php?rest_route=\/wp\/v2\/posts\/2672\/revisions"}],"predecessor-version":[{"id":2675,"href":"https:\/\/sinspeb.org.br\/index.php?rest_route=\/wp\/v2\/posts\/2672\/revisions\/2675"}],"wp:featuredmedia":[{"embeddable":true,"href":"https:\/\/sinspeb.org.br\/index.php?rest_route=\/wp\/v2\/media\/2414"}],"wp:attachment":[{"href":"https:\/\/sinspeb.org.br\/index.php?rest_route=%2Fwp%2Fv2%2Fmedia&parent=2672"}],"wp:term":[{"taxonomy":"category","embeddable":true,"href":"https:\/\/sinspeb.org.br\/index.php?rest_route=%2Fwp%2Fv2%2Fcategories&post=2672"},{"taxonomy":"post_tag","embeddable":true,"href":"https:\/\/sinspeb.org.br\/index.php?rest_route=%2Fwp%2Fv2%2Ftags&post=2672"}],"curies":[{"name":"wp","href":"https:\/\/api.w.org\/{rel}","templated":true}]}}