{"id":2685,"date":"2021-08-12T21:19:30","date_gmt":"2021-08-13T00:19:30","guid":{"rendered":"http:\/\/sinspeb.org.br\/?p=2685"},"modified":"2021-08-12T21:19:30","modified_gmt":"2021-08-13T00:19:30","slug":"policiais-penais-de-todo-estado-realizam-assembleia-em-frente-a-alba-e-diante-do-indicativo-de-greve-geral-no-sistema-prisional-orgaos-competentes-marcam-audiencia-com-representantes-do-sinsppeb","status":"publish","type":"post","link":"https:\/\/sinspeb.org.br\/?p=2685","title":{"rendered":"POLICIAIS PENAIS DE TODO ESTADO REALIZAM ASSEMBLEIA EM FRENTE \u00c0 ALBA E DIANTE DO INDICATIVO DE GREVE GERAL NO SISTEMA PRISIONAL, \u00d3RG\u00c3OS COMPETENTES MARCAM AUDI\u00caNCIA COM REPRESENTANTES DO SINSPPEB"},"content":{"rendered":"<p>O Presidente do Sindicato dos Servidores da Pol\u00edcia Penal do Estado da Bahia-SINSPPEB, Reivon Pimentel, em conformidade com o disposto nos artigos 13, I, d e 48, f do Estatuto do Sindicato, realizou na manh\u00e3 de ontem (11.08.21), Assembleia Geral Extraordin\u00e1ria em frente \u00e0 Assembleia Legislativa da Bahia-ALBA.<\/p>\n<p>Servidores da Pol\u00edcia Penal de todo Estado da Bahia se reuniram ontem em frente \u00e0 ALBA com o prop\u00f3sito de reivindicar solu\u00e7\u00f5es emergenciais referentes aos problemas do Sistema Prisional Baiano elencados na Pauta da Categoria, a saber: 1\u00ba Omiss\u00e3o do Governo do Estado da Bahia na implanta\u00e7\u00e3o da Pol\u00edcia Penal e 2\u00ba Grave d\u00e9ficit de Policiais Penais nos Estabelecimentos Penais do Estado.<\/p>\n<p>A mobiliza\u00e7\u00e3o contou com um n\u00famero expressivo de participantes, e ao final da Assembleia, a plen\u00e1ria votou por unanimidade que devido a sinaliza\u00e7\u00e3o dos \u00f3rg\u00e3os competentes (Minist\u00e9rio P\u00fablico Estadual e Minist\u00e9rio P\u00fablico do Trabalho) de que tentar\u00e3o solucionar a crise que atualmente enfrenta o Sistema Prisional, ser\u00e1 dado um voto de confian\u00e7a a estes \u00f3rg\u00e3os com o intuito de que nas pr\u00f3ximas semanas as reivindica\u00e7\u00f5es da Categoria sejam atendidas.<\/p>\n<p>Posto isto, se durante as audi\u00eancias de media\u00e7\u00e3o que ocorrer\u00e3o entre os representantes do SINSPPEB e os representantes dos \u00f3rg\u00e3os competentes, as demandas pleiteadas forem deferidas, evitaremos a DEFLAGRA\u00c7\u00c3O DE GREVE GERAL, caso contr\u00e1rio o Sistema Prisional vai parar.<\/p>\n<p>Sendo assim, os Policiais Penais permanecer\u00e3o em Estado de Greve e a pr\u00f3xima Assembleia ser\u00e1 realizada no dia 01 de setembro de 2021, onde ser\u00e3o decididas as pr\u00f3ximas delibera\u00e7\u00f5es.<\/p>\n<p>GEST\u00c3O UFC \u2013 A CADA ASSEMBLEIA FICA MAIS PR\u00d3XIMA A APROVA\u00c7\u00c3O DA PEC DA POL\u00cdCIA PENAL!<\/p>\n<p>ASCOM \u2013 SINSPPEB<\/p>\n","protected":false},"excerpt":{"rendered":"<p>O Presidente do Sindicato dos Servidores da Pol\u00edcia Penal do Estado da Bahia-SINSPPEB, Reivon Pimentel, em conformidade com o disposto<\/p>\n","protected":false},"author":3,"featured_media":1567,"comment_status":"open","ping_status":"open","sticky":false,"template":"","format":"standard","meta":{"colormag_page_container_layout":"default_layout","colormag_page_sidebar_layout":"default_layout","footnotes":""},"categories":[45,1],"tags":[],"class_list":["post-2685","post","type-post","status-publish","format-standard","has-post-thumbnail","hentry","category-importante","category-noticias"],"_links":{"self":[{"href":"https:\/\/sinspeb.org.br\/index.php?rest_route=\/wp\/v2\/posts\/2685","targetHints":{"allow":["GET"]}}],"collection":[{"href":"https:\/\/sinspeb.org.br\/index.php?rest_route=\/wp\/v2\/posts"}],"about":[{"href":"https:\/\/sinspeb.org.br\/index.php?rest_route=\/wp\/v2\/types\/post"}],"author":[{"embeddable":true,"href":"https:\/\/sinspeb.org.br\/index.php?rest_route=\/wp\/v2\/users\/3"}],"replies":[{"embeddable":true,"href":"https:\/\/sinspeb.org.br\/index.php?rest_route=%2Fwp%2Fv2%2Fcomments&post=2685"}],"version-history":[{"count":1,"href":"https:\/\/sinspeb.org.br\/index.php?rest_route=\/wp\/v2\/posts\/2685\/revisions"}],"predecessor-version":[{"id":2686,"href":"https:\/\/sinspeb.org.br\/index.php?rest_route=\/wp\/v2\/posts\/2685\/revisions\/2686"}],"wp:featuredmedia":[{"embeddable":true,"href":"https:\/\/sinspeb.org.br\/index.php?rest_route=\/wp\/v2\/media\/1567"}],"wp:attachment":[{"href":"https:\/\/sinspeb.org.br\/index.php?rest_route=%2Fwp%2Fv2%2Fmedia&parent=2685"}],"wp:term":[{"taxonomy":"category","embeddable":true,"href":"https:\/\/sinspeb.org.br\/index.php?rest_route=%2Fwp%2Fv2%2Fcategories&post=2685"},{"taxonomy":"post_tag","embeddable":true,"href":"https:\/\/sinspeb.org.br\/index.php?rest_route=%2Fwp%2Fv2%2Ftags&post=2685"}],"curies":[{"name":"wp","href":"https:\/\/api.w.org\/{rel}","templated":true}]}}