{"id":2687,"date":"2021-08-13T13:20:52","date_gmt":"2021-08-13T16:20:52","guid":{"rendered":"http:\/\/sinspeb.org.br\/?p=2687"},"modified":"2021-08-13T13:20:52","modified_gmt":"2021-08-13T16:20:52","slug":"nota-de-agradecimento-3","status":"publish","type":"post","link":"https:\/\/sinspeb.org.br\/?p=2687","title":{"rendered":"NOTA DE AGRADECIMENTO"},"content":{"rendered":"<p>O Presidente do Sindicato dos Servidores da Pol\u00edcia Penal do Estado da Bahia-SINSPPEB, Reivon Pimentel, vem publicamente em nome de toda Gest\u00e3o UFC, agradecer ao Secret\u00e1rio de Administra\u00e7\u00e3o Penitenci\u00e1ria e Ressocializa\u00e7\u00e3o, Senhor Nestor Duarte por ter atendido a solicita\u00e7\u00e3o feita atrav\u00e9s de of\u00edcio no dia 30 de julho e em virtude disso, ter publicado a Portaria n\u00ba 250 de 11 de agosto de 2021, com os nomes dos Agentes Penitenci\u00e1rios que ser\u00e3o promovidos por merecimento da Classe I para II e da Classe II para III.<\/p>\n<p>Sabemos do grande apre\u00e7o que o Senhor tem tido pelos Policiais Penais e demais Servidores da Pol\u00edcia Penal, demonstrando muita sensibilidade para com a nossa Categoria.<\/p>\n<p>Informamos que os interessados ter\u00e3o o prazo de 08 (oito) dias, a partir da publica\u00e7\u00e3o das listas de classifica\u00e7\u00e3o para impugn\u00e1-las conforme artigo 21 do Decreto n\u00ba 13.192\/2011. As impugna\u00e7\u00f5es dever\u00e3o ser encaminhadas para a Comiss\u00e3o de Avalia\u00e7\u00e3o atrav\u00e9s do Sistema Eletr\u00f4nico de Informa\u00e7\u00f5es &#8211; SEI, contendo o formul\u00e1rio de Requerimento de Direitos e Vantagens, com a devida justificado e documentos comprobat\u00f3rios.<\/p>\n<p>Salientamos que, a mudan\u00e7a de Classe \u00e9 importante, todavia a mudan\u00e7a de n\u00edvel trar\u00e1 benef\u00edcios financeiros aos Servidores. Por este motivo, aguardamos tamb\u00e9m o in\u00edcio do Processo de Progress\u00e3o.<\/p>\n<p>ASCOM &#8211; SINSPPEB<\/p>\n<p>&nbsp;<\/p>\n<p>PORTARIA N\u00ba. 250, 11 de agosto de 2021.<\/p>\n<p>O Secret\u00e1rio de Administra\u00e7\u00e3o Penitenci\u00e1ria e Ressocializa\u00e7\u00e3o do Estado da Bahia, no uso das suas atribui\u00e7\u00f5es, e fazendo cumprir a Lei Estadual n\u00ba 7.209 de 20 de novembro de 1997, o Decreto n\u00ba 13.192\/2011 de 18 de agosto de 2011, e a Portarias n\u00ba 054 e n\u00ba 055, ambas de 01 de mar\u00e7o de 2021, publicadas no DOE em 02.03.2021;<\/p>\n<p>&nbsp;<\/p>\n<p>RESOLVE:<\/p>\n<p>&nbsp;<\/p>\n<p>1. Divulgar a rela\u00e7\u00e3o dos Agentes Penitenci\u00e1rio a serem promovidos por merecimento da Classe I para II e da Classe II para III, de acordo com os anexos I e II dessa Portaria, conforme trabalhos realizados pela Comiss\u00e3o de Avalia\u00e7\u00e3o, institu\u00edda atrav\u00e9s da Portaria n\u00ba 055, em conformidade com a Portaria n\u00ba 054, ambas, de 02 de mar\u00e7o de 2021;<\/p>\n<p>&nbsp;<\/p>\n<p>2. Os interessados ter\u00e3o o prazo de 08 (oito) dias, a partir da publica\u00e7\u00e3o das listas de classifica\u00e7\u00e3o para impugn\u00e1-las conforme artigo 21 do Decreto n\u00ba 13.192\/2011. As impugna\u00e7\u00f5es dever\u00e3o ser encaminhadas para a Comiss\u00e3o de Avalia\u00e7\u00e3o atrav\u00e9s do Sistema Eletr\u00f4nico de Informa\u00e7\u00f5es &#8211; SEI, contendo o formul\u00e1rio de Requerimento de Direitos e Vantagens, com a devida justificado e documentos comprobat\u00f3rios.<\/p>\n<p>&nbsp;<\/p>\n<p>ANEXO I &#8211; AVALIA\u00c7\u00c3O POR MERECIMENTO &#8211; MUDAN\u00c7A DA CLASSE I PARA A CLASSE II<\/p>\n<p>&nbsp;<\/p>\n<p>&nbsp;<\/p>\n<p>Ordem de Classifica\u00e7\u00e3o<\/p>\n<p>Matr\u00edcula<\/p>\n<p>Nome Servidor<\/p>\n<p>Pontua\u00e7\u00e3o<\/p>\n<p>1.<\/p>\n<p>23600907<\/p>\n<p>CID UBIRATAN BRASIL QUINTELA<\/p>\n<p>130<\/p>\n<p>&nbsp;<\/p>\n<p>23600681<\/p>\n<p>IGHARA CRUZ TELES SANTOS<\/p>\n<p>130<\/p>\n<p>&nbsp;<\/p>\n<p>23635325<\/p>\n<p>LIDIANE INVEN\u00c7\u00c3O MOITINHO<\/p>\n<p>130<\/p>\n<p>&nbsp;<\/p>\n<p>23636192<\/p>\n<p>MOIS\u00c9S SANTOS DA SILVA<\/p>\n<p>130<\/p>\n<p>&nbsp;<\/p>\n<p>23600493<\/p>\n<p>TACIANA DE ARA\u00daJO MARQUES<\/p>\n<p>130<\/p>\n<p>&nbsp;<\/p>\n<p>23603103<\/p>\n<p>THAIANE FREIRE FONTOURA<\/p>\n<p>130<\/p>\n<p>&nbsp;<\/p>\n<p>23626156<\/p>\n<p>ADRIANA DE BARROS FEITOSA DA SILVA<\/p>\n<p>126<\/p>\n<p>&nbsp;<\/p>\n<p>23601023<\/p>\n<p>PATRICIA OLIVEIRA RODRIGUES<\/p>\n<p>126<\/p>\n<p>&nbsp;<\/p>\n<p>16365347<\/p>\n<p>ADEMIR NASCIMENTO SANTOS<\/p>\n<p>124<\/p>\n<p>&nbsp;<\/p>\n<p>23600683<\/p>\n<p>ARILTON RIBEIRO DE SOUZA ALC\u00c2NTARA<\/p>\n<p>124<\/p>\n<p>&nbsp;<\/p>\n<p>23600684<\/p>\n<p>BRUNO NASCIMENTO DA SILVA<\/p>\n<p>124<\/p>\n<p>&nbsp;<\/p>\n<p>23599517<\/p>\n<p>DALILA CELINA MARQUES CORREIA<\/p>\n<p>124<\/p>\n<p>&nbsp;<\/p>\n<p>23600315<\/p>\n<p>DANIELA NASCIMENTO DA SILVA<\/p>\n<p>124<\/p>\n<p>&nbsp;<\/p>\n<p>23600782<\/p>\n<p>EDUARDO NEI BEIR\u00c3O ALBUQUERQUE<\/p>\n<p>124<\/p>\n<p>&nbsp;<\/p>\n<p>23598949<\/p>\n<p>ERNANI PEREIRA SILVA<\/p>\n<p>124<\/p>\n<p>&nbsp;<\/p>\n<p>23591203<\/p>\n<p>ROSEN\u00c9IA DE SOUZA LIMA<\/p>\n<p>124<\/p>\n<p>&nbsp;<\/p>\n<p>23599266<\/p>\n<p>ARTUR SILVA CROESY<\/p>\n<p>120<\/p>\n<p>&nbsp;<\/p>\n<p>23600943<\/p>\n<p>CLEIDE SANTOS LOPES<\/p>\n<p>120<\/p>\n<p>&nbsp;<\/p>\n<p>23530522<\/p>\n<p>FERNANDO SANTOS FERNANDES<\/p>\n<p>120<\/p>\n<p>&nbsp;<\/p>\n<p>23600494<\/p>\n<p>JOSELITA ANUNCIA\u00c7\u00c3O SANTOS<\/p>\n<p>120<\/p>\n<p>&nbsp;<\/p>\n<p>23598759<\/p>\n<p>BERNADETE CARDEAL DE LIMA<\/p>\n<p>119<\/p>\n<p>&nbsp;<\/p>\n<p>23600217<\/p>\n<p>LAFAIETE CONCEI\u00c7\u00c3O DOS SANTOS J\u00daNIOR<\/p>\n<p>119<\/p>\n<p>&nbsp;<\/p>\n<p>23555756<\/p>\n<p>AMARILIO BARRETO FERNANDES<\/p>\n<p>118<\/p>\n<p>&nbsp;<\/p>\n<p>23553668<\/p>\n<p>JOHN MAX SANTIAGO BATISTA<\/p>\n<p>118<\/p>\n<p>&nbsp;<\/p>\n<p>23599258<\/p>\n<p>ANT\u00d4NIO RAMOS BORGES FILHO<\/p>\n<p>118<\/p>\n<p>&nbsp;<\/p>\n<p>23599951<\/p>\n<p>UESLEI LISBOA ALVES<\/p>\n<p>118<\/p>\n<p>&nbsp;<\/p>\n<p>&nbsp;<\/p>\n<p>ANEXO II- AVALIA\u00c7\u00c3O POR MERECIMENTO &#8211; MUDAN\u00c7A DA CLASSE II PARA A CLASSE III<\/p>\n<p>&nbsp;<\/p>\n<p>&nbsp;<\/p>\n<p>Ordem de Classifica\u00e7\u00e3o<\/p>\n<p>Matr\u00edcula<\/p>\n<p>Nome Servidor<\/p>\n<p>Pontua\u00e7\u00e3o<\/p>\n<p>1.<\/p>\n<p>23530728<\/p>\n<p>RODRIGO JESUS MARTINS FERREIRA<\/p>\n<p>125<\/p>\n<p>&nbsp;<\/p>\n<p>16365282<\/p>\n<p>RAILTON LUIS ARA\u00daJO PIRES<\/p>\n<p>124<\/p>\n<p>&nbsp;<\/p>\n<p>23551628<\/p>\n<p>RAISSA LUCIANO RIBEIRO DA SILVA<\/p>\n<p>124<\/p>\n<p>&nbsp;<\/p>\n<p>23530957<\/p>\n<p>ROSANGELA SOUSA SANTOS<\/p>\n<p>124<\/p>\n<p>&nbsp;<\/p>\n<p>23539480<\/p>\n<p>SHEILANE SANTOS COSTA<\/p>\n<p>124<\/p>\n<p>&nbsp;<\/p>\n<p>23524024<\/p>\n<p>VIN\u00cdCIUS SOUSA DANTAS DOS SANTOS<\/p>\n<p>124<\/p>\n<p>&nbsp;<\/p>\n<p>23561805<\/p>\n<p>M\u00c1RCIO ANDR\u00c9 FREIRE SALES<\/p>\n<p>121,5<\/p>\n<p>&nbsp;<\/p>\n<p>16307462<\/p>\n<p>CRISPIM BORGES<\/p>\n<p>120<\/p>\n<p>&nbsp;<\/p>\n<p>23530473<\/p>\n<p>PALOMA DE SENNA COSTA FERNANDES<\/p>\n<p>120<\/p>\n<p>&nbsp;<\/p>\n<p>16307252<\/p>\n<p>JO\u00c3O BERNARDES COSTA NETO<\/p>\n<p>119<\/p>\n<p>&nbsp;<\/p>\n<p>16365329<\/p>\n<p>ABRA\u00c3O SOUZA SANTOS<\/p>\n<p>118<\/p>\n<p>&nbsp;<\/p>\n<p>23524064<\/p>\n<p>AGENOR DUARTE MENEZES<\/p>\n<p>118<\/p>\n<p>&nbsp;<\/p>\n<p>23547244<\/p>\n<p>ARMANDO MENEZES DA SILVA J\u00daNIOR<\/p>\n<p>118<\/p>\n<p>&nbsp;<\/p>\n<p>23560364<\/p>\n<p>CARLOS THIAGO DA CRUZ SANTOS<\/p>\n<p>118<\/p>\n<p>&nbsp;<\/p>\n<p>16190359<\/p>\n<p>CLEBER ESTEVAM ALMEIDA DAS NEVES<\/p>\n<p>118<\/p>\n<p>&nbsp;<\/p>\n<p>23547246<\/p>\n<p>FERNANDA FELIX PINTO<\/p>\n<p>118<\/p>\n<p>&nbsp;<\/p>\n<p>16308170<\/p>\n<p>FRANCISNEI OLIVEIRA GOMES<\/p>\n<p>118<\/p>\n<p>&nbsp;<\/p>\n<p>23530467<\/p>\n<p>GILMAR ALC\u00c2NTARA DOS SANTOS<\/p>\n<p>118<\/p>\n<p>&nbsp;<\/p>\n<p>23544657<\/p>\n<p>JOS\u00c9 LAURO VINAGRE LESSA<\/p>\n<p>118<\/p>\n<p>&nbsp;<\/p>\n<p>23546183<\/p>\n<p>LARISSA THABATA FERREIRA DOS SANTOS<\/p>\n<p>118<\/p>\n<p>&nbsp;<\/p>\n<p>23552605<\/p>\n<p>LEIDIANE VITORIA DOS SANTOS<\/p>\n<p>118<\/p>\n<p>&nbsp;<\/p>\n<p>16277628<\/p>\n<p>LUIZ PAULO BARBOSA DE MIRANDA<\/p>\n<p>118<\/p>\n<p>&nbsp;<\/p>\n<p>23547034<\/p>\n<p>RICARDO VIN\u00cdCIUS DA SILVA BARBOSA<\/p>\n<p>118<\/p>\n<p>&nbsp;<\/p>\n<p>23573483<\/p>\n<p>CARLA CARINE FREITAS MARTINS NOVAIS<\/p>\n<p>117<\/p>\n<p>&nbsp;<\/p>\n<p>3. Os servidores que n\u00e3o atenderam ao quanto determinado nos artigos 17 e 28, e incisos, do Decreto n\u00ba 13.192\/2011, deixaram de ter seu nome publicado nos anexos I e II.<\/p>\n<p>&nbsp;<\/p>\n<p>Nestor Duarte Neto<\/p>\n<p>Secret\u00e1rio de Administra\u00e7\u00e3o Penitenci\u00e1ria e Ressocializa\u00e7\u00e3o<\/p>\n","protected":false},"excerpt":{"rendered":"<p>O Presidente do Sindicato dos Servidores da Pol\u00edcia Penal do Estado da Bahia-SINSPPEB, Reivon Pimentel, vem publicamente em nome de<\/p>\n","protected":false},"author":3,"featured_media":1336,"comment_status":"open","ping_status":"open","sticky":false,"template":"","format":"standard","meta":{"colormag_page_container_layout":"default_layout","colormag_page_sidebar_layout":"default_layout","footnotes":""},"categories":[45,1],"tags":[],"class_list":["post-2687","post","type-post","status-publish","format-standard","has-post-thumbnail","hentry","category-importante","category-noticias"],"_links":{"self":[{"href":"https:\/\/sinspeb.org.br\/index.php?rest_route=\/wp\/v2\/posts\/2687","targetHints":{"allow":["GET"]}}],"collection":[{"href":"https:\/\/sinspeb.org.br\/index.php?rest_route=\/wp\/v2\/posts"}],"about":[{"href":"https:\/\/sinspeb.org.br\/index.php?rest_route=\/wp\/v2\/types\/post"}],"author":[{"embeddable":true,"href":"https:\/\/sinspeb.org.br\/index.php?rest_route=\/wp\/v2\/users\/3"}],"replies":[{"embeddable":true,"href":"https:\/\/sinspeb.org.br\/index.php?rest_route=%2Fwp%2Fv2%2Fcomments&post=2687"}],"version-history":[{"count":1,"href":"https:\/\/sinspeb.org.br\/index.php?rest_route=\/wp\/v2\/posts\/2687\/revisions"}],"predecessor-version":[{"id":2688,"href":"https:\/\/sinspeb.org.br\/index.php?rest_route=\/wp\/v2\/posts\/2687\/revisions\/2688"}],"wp:featuredmedia":[{"embeddable":true,"href":"https:\/\/sinspeb.org.br\/index.php?rest_route=\/wp\/v2\/media\/1336"}],"wp:attachment":[{"href":"https:\/\/sinspeb.org.br\/index.php?rest_route=%2Fwp%2Fv2%2Fmedia&parent=2687"}],"wp:term":[{"taxonomy":"category","embeddable":true,"href":"https:\/\/sinspeb.org.br\/index.php?rest_route=%2Fwp%2Fv2%2Fcategories&post=2687"},{"taxonomy":"post_tag","embeddable":true,"href":"https:\/\/sinspeb.org.br\/index.php?rest_route=%2Fwp%2Fv2%2Ftags&post=2687"}],"curies":[{"name":"wp","href":"https:\/\/api.w.org\/{rel}","templated":true}]}}