{"id":2691,"date":"2021-08-13T21:43:09","date_gmt":"2021-08-14T00:43:09","guid":{"rendered":"http:\/\/sinspeb.org.br\/?p=2691"},"modified":"2021-08-13T21:43:09","modified_gmt":"2021-08-14T00:43:09","slug":"nota-de-pesar-22","status":"publish","type":"post","link":"https:\/\/sinspeb.org.br\/?p=2691","title":{"rendered":"NOTA DE PESAR"},"content":{"rendered":"<p>\u00c9 com extremo pesar que o Presidente do Sindicato dos Servidores da Pol\u00edcia Penal do Estado da Bahia-SINSPPEB, Reivon Pimentel, informa o falecimento do Senhor Gilvan Santos de Sousa (trabalhou como Reda no M\u00f3dulo 05 da PLB).<\/p>\n<p>Compreender os prop\u00f3sitos de Deus muitas vezes pode ser uma tarefa bem dif\u00edcil, principalmente quando a tristeza bate na nossa porta porque acabamos de perder um ente querido. As l\u00e1grimas rolam pelo nosso rosto constantemente e o vazio da saudade aumenta o sofrimento severamente. Deus conforte todos os familiares e amigos!<\/p>\n<p>\u271d\ufe0f O vel\u00f3rio j\u00e1 est\u00e1 sendo realizado neste momento na Capela 07 do Cemit\u00e9rio Campo Santo, e se encerrar\u00e1 amanh\u00e3 (14.08.21) \u00e0s 08h com a celebra\u00e7\u00e3o de uma Missa. Logo ap\u00f3s, o corpo ser\u00e1 cremado e a cerim\u00f4nia de crema\u00e7\u00e3o ser\u00e1 restrita.<\/p>\n<p>Por isso, muito respeitosamente prestamos as nossas condol\u00eancias e deixamos nossos mais sinceros p\u00easames.<\/p>\n<p>ASCOM-SINSPPEB<\/p>\n","protected":false},"excerpt":{"rendered":"<p>\u00c9 com extremo pesar que o Presidente do Sindicato dos Servidores da Pol\u00edcia Penal do Estado da Bahia-SINSPPEB, Reivon Pimentel,<\/p>\n","protected":false},"author":3,"featured_media":2692,"comment_status":"open","ping_status":"open","sticky":false,"template":"","format":"standard","meta":{"colormag_page_container_layout":"default_layout","colormag_page_sidebar_layout":"default_layout","footnotes":""},"categories":[45,1],"tags":[],"class_list":["post-2691","post","type-post","status-publish","format-standard","has-post-thumbnail","hentry","category-importante","category-noticias"],"_links":{"self":[{"href":"https:\/\/sinspeb.org.br\/index.php?rest_route=\/wp\/v2\/posts\/2691","targetHints":{"allow":["GET"]}}],"collection":[{"href":"https:\/\/sinspeb.org.br\/index.php?rest_route=\/wp\/v2\/posts"}],"about":[{"href":"https:\/\/sinspeb.org.br\/index.php?rest_route=\/wp\/v2\/types\/post"}],"author":[{"embeddable":true,"href":"https:\/\/sinspeb.org.br\/index.php?rest_route=\/wp\/v2\/users\/3"}],"replies":[{"embeddable":true,"href":"https:\/\/sinspeb.org.br\/index.php?rest_route=%2Fwp%2Fv2%2Fcomments&post=2691"}],"version-history":[{"count":1,"href":"https:\/\/sinspeb.org.br\/index.php?rest_route=\/wp\/v2\/posts\/2691\/revisions"}],"predecessor-version":[{"id":2693,"href":"https:\/\/sinspeb.org.br\/index.php?rest_route=\/wp\/v2\/posts\/2691\/revisions\/2693"}],"wp:featuredmedia":[{"embeddable":true,"href":"https:\/\/sinspeb.org.br\/index.php?rest_route=\/wp\/v2\/media\/2692"}],"wp:attachment":[{"href":"https:\/\/sinspeb.org.br\/index.php?rest_route=%2Fwp%2Fv2%2Fmedia&parent=2691"}],"wp:term":[{"taxonomy":"category","embeddable":true,"href":"https:\/\/sinspeb.org.br\/index.php?rest_route=%2Fwp%2Fv2%2Fcategories&post=2691"},{"taxonomy":"post_tag","embeddable":true,"href":"https:\/\/sinspeb.org.br\/index.php?rest_route=%2Fwp%2Fv2%2Ftags&post=2691"}],"curies":[{"name":"wp","href":"https:\/\/api.w.org\/{rel}","templated":true}]}}