{"id":2694,"date":"2021-08-15T09:52:54","date_gmt":"2021-08-15T12:52:54","guid":{"rendered":"http:\/\/sinspeb.org.br\/?p=2694"},"modified":"2021-08-15T09:58:01","modified_gmt":"2021-08-15T12:58:01","slug":"policiais-penais-realizam-assembleia-em-frente-a-alba","status":"publish","type":"post","link":"https:\/\/sinspeb.org.br\/?p=2694","title":{"rendered":"POLICIAIS PENAIS REALIZAM ASSEMBLEIA EM FRENTE \u00c0 ALBA!"},"content":{"rendered":"<div style=\"width: 480px;\" class=\"wp-video\"><!--[if lt IE 9]><script>document.createElement('video');<\/script><![endif]-->\n<video class=\"wp-video-shortcode\" id=\"video-2694-1\" width=\"480\" height=\"480\" preload=\"metadata\" controls=\"controls\"><source type=\"video\/mp4\" src=\"http:\/\/sinspeb.org.br\/wp-content\/uploads\/2021\/08\/Video-da-Assembleia-em-frente-a-ALBA1.mp4?_=1\" \/><a href=\"http:\/\/sinspeb.org.br\/wp-content\/uploads\/2021\/08\/Video-da-Assembleia-em-frente-a-ALBA1.mp4\">http:\/\/sinspeb.org.br\/wp-content\/uploads\/2021\/08\/Video-da-Assembleia-em-frente-a-ALBA1.mp4<\/a><\/video><\/div>\n<p>ACIMA, V\u00cdDEO DOS MOMENTOS MARCANTES DA ASSEMBLEIA GERAL EXTRAORDIN\u00c1RIA REALIZADA EM FRENTE \u00c0 ALBA! JUNTOS SOMOS MAIS FORTES, UNIDOS SEREMOS IMBAT\u00cdVEIS!<\/p>\n<p>GEST\u00c3O UFC &#8211; POL\u00cdCIA PENAL J\u00c1!<\/p>\n<p>ASCOM -SINSPPEB<\/p>\n","protected":false},"excerpt":{"rendered":"<p>ACIMA, V\u00cdDEO DOS MOMENTOS MARCANTES DA ASSEMBLEIA GERAL EXTRAORDIN\u00c1RIA REALIZADA EM FRENTE \u00c0 ALBA! JUNTOS SOMOS MAIS FORTES, UNIDOS SEREMOS<\/p>\n","protected":false},"author":3,"featured_media":2699,"comment_status":"open","ping_status":"open","sticky":false,"template":"","format":"standard","meta":{"colormag_page_container_layout":"default_layout","colormag_page_sidebar_layout":"default_layout","footnotes":""},"categories":[45,1],"tags":[],"class_list":["post-2694","post","type-post","status-publish","format-standard","has-post-thumbnail","hentry","category-importante","category-noticias"],"_links":{"self":[{"href":"https:\/\/sinspeb.org.br\/index.php?rest_route=\/wp\/v2\/posts\/2694","targetHints":{"allow":["GET"]}}],"collection":[{"href":"https:\/\/sinspeb.org.br\/index.php?rest_route=\/wp\/v2\/posts"}],"about":[{"href":"https:\/\/sinspeb.org.br\/index.php?rest_route=\/wp\/v2\/types\/post"}],"author":[{"embeddable":true,"href":"https:\/\/sinspeb.org.br\/index.php?rest_route=\/wp\/v2\/users\/3"}],"replies":[{"embeddable":true,"href":"https:\/\/sinspeb.org.br\/index.php?rest_route=%2Fwp%2Fv2%2Fcomments&post=2694"}],"version-history":[{"count":1,"href":"https:\/\/sinspeb.org.br\/index.php?rest_route=\/wp\/v2\/posts\/2694\/revisions"}],"predecessor-version":[{"id":2697,"href":"https:\/\/sinspeb.org.br\/index.php?rest_route=\/wp\/v2\/posts\/2694\/revisions\/2697"}],"wp:featuredmedia":[{"embeddable":true,"href":"https:\/\/sinspeb.org.br\/index.php?rest_route=\/wp\/v2\/media\/2699"}],"wp:attachment":[{"href":"https:\/\/sinspeb.org.br\/index.php?rest_route=%2Fwp%2Fv2%2Fmedia&parent=2694"}],"wp:term":[{"taxonomy":"category","embeddable":true,"href":"https:\/\/sinspeb.org.br\/index.php?rest_route=%2Fwp%2Fv2%2Fcategories&post=2694"},{"taxonomy":"post_tag","embeddable":true,"href":"https:\/\/sinspeb.org.br\/index.php?rest_route=%2Fwp%2Fv2%2Ftags&post=2694"}],"curies":[{"name":"wp","href":"https:\/\/api.w.org\/{rel}","templated":true}]}}