{"id":2700,"date":"2021-08-16T13:45:51","date_gmt":"2021-08-16T16:45:51","guid":{"rendered":"http:\/\/sinspeb.org.br\/?p=2700"},"modified":"2021-08-18T18:51:04","modified_gmt":"2021-08-18T21:51:04","slug":"convocacao-para-mobilizacao-contra-a-pec-32-2020-em-frente-ao-complexo-penitenciario-de-salvador","status":"publish","type":"post","link":"https:\/\/sinspeb.org.br\/?p=2700","title":{"rendered":"CONVOCA\u00c7\u00c3O PARA MOBILIZA\u00c7\u00c3O CONTRA A PEC 32\/2020 EM FRENTE AO COMPLEXO PENITENCI\u00c1RIO DE SALVADOR"},"content":{"rendered":"<p style=\"text-align: left;\">O Presidente do Sindicato dos Servidores da Pol\u00edcia Penal do Estado da Bahia-SINSPPEB, Reivon Pimentel, convoca todos os Servidores e Servidoras da Pol\u00edcia Penal para na pr\u00f3xima quarta-feira (18.08.21), participarem de mobiliza\u00e7\u00e3o em frente ao Complexo Penitenci\u00e1rio de Salvador das 08h \u00e0s 09h contra a PEC 32\/2020.<\/p>\n<p>O objetivo desta mobiliza\u00e7\u00e3o \u00e9 reivindicar aos parlamentares que N\u00c3O votem a favor desta PEC que trar\u00e1 preju\u00edzos ao Servidor, como tamb\u00e9m a toda a Sociedade Brasileira, pois causar\u00e1 o desmonte dos servi\u00e7os p\u00fablicos e a presta\u00e7\u00e3o destes servi\u00e7os ser\u00e1 mitigada.<\/p>\n<p>10 bombas que a PEC da Reforma Administrativa trar\u00e1 se for aprovada:\ud83d\udc47\ud83c\udffc<\/p>\n<p>1\u00aa \ud83d\udca3 Boa parte da proposta de reforma da Administra\u00e7\u00e3o P\u00fablica contida na PEC 32\/2020 consiste em retirar a primazia do concurso p\u00fablico como instrumento de sele\u00e7\u00e3o de pessoal.<\/p>\n<p>2\u00aa \ud83d\udca3 Enfraquece e\/ou elimina a estabilidade dos Servidores civis estatut\u00e1rios, al\u00e9m de reduzir os patamares salariais.<\/p>\n<p>3\u00aa \ud83d\udca3 Transfere atividades p\u00fablicas para a iniciativa privada.<\/p>\n<p>4\u00aa \ud83d\udca3 Dar amplos poderes ao Presidente da Rep\u00fablica para reorganizar o funcionamento do Estado de forma arbitr\u00e1ria e sem qualquer discuss\u00e3o com o Congresso Nacional e com a Sociedade.<\/p>\n<p>5\u00aa \ud83d\udca3 A terceiriza\u00e7\u00e3o ser\u00e1 ampliada e servi\u00e7os poder\u00e3o ser transferidos para empresas ou organiza\u00e7\u00f5es privadas, mesmo com a queda da subsidiariedade na CCJ.<\/p>\n<p>6\u00aa \ud83d\udca3 Servidores Aposentados atuais v\u00e3o sofrer mais ataques \u00e0 paridade salarial.<\/p>\n<p>7\u00aa \ud83d\udca3 Amplia\u00e7\u00e3o das formas prec\u00e1rias e discricion\u00e1rias de ocupa\u00e7\u00e3o aumentam o espa\u00e7o para corrup\u00e7\u00e3o e a deteriora\u00e7\u00e3o das rela\u00e7\u00f5es de trabalho, incluindo o aumento do ass\u00e9dio moral.<\/p>\n<p>8\u00aa \ud83d\udca3 As FCs e os cargos em comiss\u00e3o ser\u00e3o substitu\u00eddos por &#8220;cargos de lideran\u00e7a e assessoramento&#8221;, cuja ocupa\u00e7\u00e3o pode ser ampliada para pessoas de fora do quadro, inclusive para postos de chefia.<\/p>\n<p>9\u00aa \ud83d\udca3 Dos cincos tipos de cargos criados, apenas os chamados &#8220;exclusivos de Estado&#8221;, que seriam limitados por lei a um n\u00famero restrito, permanecem com estabilidade, mesmo assim reduzida.<\/p>\n<p>10\u00aa \ud83d\udca3 Desmonte total do Servi\u00e7o P\u00fablico.<\/p>\n<p>GEST\u00c3O UFC \u2013 DIGA N\u00c3O \u00c0 REFORMA ADMINISTRATIVA!<\/p>\n<p>ASCOM &#8211; SINSPPEB<\/p>\n","protected":false},"excerpt":{"rendered":"<p>O Presidente do Sindicato dos Servidores da Pol\u00edcia Penal do Estado da Bahia-SINSPPEB, Reivon Pimentel, convoca todos os Servidores e<\/p>\n","protected":false},"author":3,"featured_media":2414,"comment_status":"open","ping_status":"open","sticky":false,"template":"","format":"standard","meta":{"colormag_page_container_layout":"default_layout","colormag_page_sidebar_layout":"default_layout","footnotes":""},"categories":[45,1],"tags":[],"class_list":["post-2700","post","type-post","status-publish","format-standard","has-post-thumbnail","hentry","category-importante","category-noticias"],"_links":{"self":[{"href":"https:\/\/sinspeb.org.br\/index.php?rest_route=\/wp\/v2\/posts\/2700","targetHints":{"allow":["GET"]}}],"collection":[{"href":"https:\/\/sinspeb.org.br\/index.php?rest_route=\/wp\/v2\/posts"}],"about":[{"href":"https:\/\/sinspeb.org.br\/index.php?rest_route=\/wp\/v2\/types\/post"}],"author":[{"embeddable":true,"href":"https:\/\/sinspeb.org.br\/index.php?rest_route=\/wp\/v2\/users\/3"}],"replies":[{"embeddable":true,"href":"https:\/\/sinspeb.org.br\/index.php?rest_route=%2Fwp%2Fv2%2Fcomments&post=2700"}],"version-history":[{"count":2,"href":"https:\/\/sinspeb.org.br\/index.php?rest_route=\/wp\/v2\/posts\/2700\/revisions"}],"predecessor-version":[{"id":2706,"href":"https:\/\/sinspeb.org.br\/index.php?rest_route=\/wp\/v2\/posts\/2700\/revisions\/2706"}],"wp:featuredmedia":[{"embeddable":true,"href":"https:\/\/sinspeb.org.br\/index.php?rest_route=\/wp\/v2\/media\/2414"}],"wp:attachment":[{"href":"https:\/\/sinspeb.org.br\/index.php?rest_route=%2Fwp%2Fv2%2Fmedia&parent=2700"}],"wp:term":[{"taxonomy":"category","embeddable":true,"href":"https:\/\/sinspeb.org.br\/index.php?rest_route=%2Fwp%2Fv2%2Fcategories&post=2700"},{"taxonomy":"post_tag","embeddable":true,"href":"https:\/\/sinspeb.org.br\/index.php?rest_route=%2Fwp%2Fv2%2Ftags&post=2700"}],"curies":[{"name":"wp","href":"https:\/\/api.w.org\/{rel}","templated":true}]}}