{"id":2702,"date":"2021-08-17T10:04:20","date_gmt":"2021-08-17T13:04:20","guid":{"rendered":"http:\/\/sinspeb.org.br\/?p=2702"},"modified":"2021-08-17T10:04:20","modified_gmt":"2021-08-17T13:04:20","slug":"nota-de-pesar-23","status":"publish","type":"post","link":"https:\/\/sinspeb.org.br\/?p=2702","title":{"rendered":"NOTA DE PESAR"},"content":{"rendered":"<p>\u00c9 com extremo pesar que o Presidente do Sindicato dos Servidores da Pol\u00edcia Penal do Estado da Bahia-SINSPPEB, Reivon Pimentel, informa o falecimento da Senhora Valdenice Passos Tavares, m\u00e3e do Policial Penal Rafael Tavares (CPTF).<\/p>\n<p>A pior dor que algu\u00e9m pode viver \u00e9 ver algum ente amado partir. A impot\u00eancia diante da morte \u00e9 o que nos faz lembrar que somos humanos, e assim percebemos o quanto a vida \u00e9 fr\u00e1gil.<\/p>\n<p>Apesar do sofrimento \u00e9 preciso lidar com a morte com for\u00e7a e coragem. \u00c9 preciso pensar que, embora essa pessoa querida n\u00e3o esteja mais entre n\u00f3s, o amor nunca vai embora. O amor e as boas mem\u00f3rias sempre ficam depois da morte.<\/p>\n<p>\u271d\ufe0f O sepultamento ser\u00e1 hoje (17.08.21), \u00e0s 16h no Cemit\u00e9rio Reviver.<\/p>\n<p>Por isso, muito respeitosamente prestamos as nossas condol\u00eancias e deixamos nossos mais sinceros p\u00easames.<\/p>\n<p>ASCOM-SINSPPEB<\/p>\n","protected":false},"excerpt":{"rendered":"<p>\u00c9 com extremo pesar que o Presidente do Sindicato dos Servidores da Pol\u00edcia Penal do Estado da Bahia-SINSPPEB, Reivon Pimentel,<\/p>\n","protected":false},"author":3,"featured_media":1983,"comment_status":"open","ping_status":"open","sticky":false,"template":"","format":"standard","meta":{"colormag_page_container_layout":"default_layout","colormag_page_sidebar_layout":"default_layout","footnotes":""},"categories":[45,1],"tags":[],"class_list":["post-2702","post","type-post","status-publish","format-standard","has-post-thumbnail","hentry","category-importante","category-noticias"],"_links":{"self":[{"href":"https:\/\/sinspeb.org.br\/index.php?rest_route=\/wp\/v2\/posts\/2702","targetHints":{"allow":["GET"]}}],"collection":[{"href":"https:\/\/sinspeb.org.br\/index.php?rest_route=\/wp\/v2\/posts"}],"about":[{"href":"https:\/\/sinspeb.org.br\/index.php?rest_route=\/wp\/v2\/types\/post"}],"author":[{"embeddable":true,"href":"https:\/\/sinspeb.org.br\/index.php?rest_route=\/wp\/v2\/users\/3"}],"replies":[{"embeddable":true,"href":"https:\/\/sinspeb.org.br\/index.php?rest_route=%2Fwp%2Fv2%2Fcomments&post=2702"}],"version-history":[{"count":1,"href":"https:\/\/sinspeb.org.br\/index.php?rest_route=\/wp\/v2\/posts\/2702\/revisions"}],"predecessor-version":[{"id":2703,"href":"https:\/\/sinspeb.org.br\/index.php?rest_route=\/wp\/v2\/posts\/2702\/revisions\/2703"}],"wp:featuredmedia":[{"embeddable":true,"href":"https:\/\/sinspeb.org.br\/index.php?rest_route=\/wp\/v2\/media\/1983"}],"wp:attachment":[{"href":"https:\/\/sinspeb.org.br\/index.php?rest_route=%2Fwp%2Fv2%2Fmedia&parent=2702"}],"wp:term":[{"taxonomy":"category","embeddable":true,"href":"https:\/\/sinspeb.org.br\/index.php?rest_route=%2Fwp%2Fv2%2Fcategories&post=2702"},{"taxonomy":"post_tag","embeddable":true,"href":"https:\/\/sinspeb.org.br\/index.php?rest_route=%2Fwp%2Fv2%2Ftags&post=2702"}],"curies":[{"name":"wp","href":"https:\/\/api.w.org\/{rel}","templated":true}]}}