{"id":2710,"date":"2021-08-19T12:42:56","date_gmt":"2021-08-19T15:42:56","guid":{"rendered":"http:\/\/sinspeb.org.br\/?p=2710"},"modified":"2021-08-19T12:54:32","modified_gmt":"2021-08-19T15:54:32","slug":"policiais-penais-baianos-participam-de-mobilizacao-nacional-contra-a-pec-32-2020","status":"publish","type":"post","link":"https:\/\/sinspeb.org.br\/?p=2710","title":{"rendered":"POLICIAIS PENAIS BAIANOS PARTICIPAM DE MOBILIZA\u00c7\u00c3O NACIONAL CONTRA A PEC 32\/2020"},"content":{"rendered":"<p>&nbsp;<\/p>\n<p>&nbsp;<\/p>\n<p><img fetchpriority=\"high\" decoding=\"async\" class=\"alignnone size-medium wp-image-2713\" src=\"http:\/\/sinspeb.org.br\/wp-content\/uploads\/2021\/08\/IMG_20210819_084429_5172-300x192.jpg\" alt=\"\" width=\"300\" height=\"192\" srcset=\"https:\/\/sinspeb.org.br\/wp-content\/uploads\/2021\/08\/IMG_20210819_084429_5172-300x192.jpg 300w, https:\/\/sinspeb.org.br\/wp-content\/uploads\/2021\/08\/IMG_20210819_084429_5172-1024x654.jpg 1024w, https:\/\/sinspeb.org.br\/wp-content\/uploads\/2021\/08\/IMG_20210819_084429_5172-768x491.jpg 768w, https:\/\/sinspeb.org.br\/wp-content\/uploads\/2021\/08\/IMG_20210819_084429_5172.jpg 1080w\" sizes=\"(max-width: 300px) 100vw, 300px\" \/><\/p>\n<p>&nbsp;<\/p>\n<p>Ontem (18.08.21), ocorreu uma grande Mobiliza\u00e7\u00e3o Nacional contra a PEC da Reforma Administrativa. Em todo o Brasil, o ato foi realizado por Servidores Municipais, Estaduais e Federais.<\/p>\n<p>O prop\u00f3sito da mobiliza\u00e7\u00e3o foi chamar a aten\u00e7\u00e3o da Sociedade e das Autoridades para os in\u00fameros retrocessos que os servi\u00e7os p\u00fablicos sofrer\u00e3o se a PEC 32\/2020 for aprovada.<\/p>\n<p><img decoding=\"async\" class=\"alignnone size-medium wp-image-2719\" src=\"http:\/\/sinspeb.org.br\/wp-content\/uploads\/2021\/08\/IMG-20210818-WA0024-300x169.jpg\" alt=\"\" width=\"300\" height=\"169\" srcset=\"https:\/\/sinspeb.org.br\/wp-content\/uploads\/2021\/08\/IMG-20210818-WA0024-300x169.jpg 300w, https:\/\/sinspeb.org.br\/wp-content\/uploads\/2021\/08\/IMG-20210818-WA0024-1024x576.jpg 1024w, https:\/\/sinspeb.org.br\/wp-content\/uploads\/2021\/08\/IMG-20210818-WA0024-768x432.jpg 768w, https:\/\/sinspeb.org.br\/wp-content\/uploads\/2021\/08\/IMG-20210818-WA0024.jpg 1280w\" sizes=\"(max-width: 300px) 100vw, 300px\" \/><\/p>\n<p>Na Capital baiana, os Policiais Penais se mobilizaram em frente ao Complexo Penitenci\u00e1rio de Salvador, onde foi erguida uma enorme faixa em protesto contra o desmonte dos servi\u00e7os p\u00fablicos.<\/p>\n<p><img decoding=\"async\" class=\"alignnone size-medium wp-image-2720\" src=\"http:\/\/sinspeb.org.br\/wp-content\/uploads\/2021\/08\/IMG-20210818-WA0014-300x225.jpg\" alt=\"\" width=\"300\" height=\"225\" srcset=\"https:\/\/sinspeb.org.br\/wp-content\/uploads\/2021\/08\/IMG-20210818-WA0014-300x225.jpg 300w, https:\/\/sinspeb.org.br\/wp-content\/uploads\/2021\/08\/IMG-20210818-WA0014-1024x768.jpg 1024w, https:\/\/sinspeb.org.br\/wp-content\/uploads\/2021\/08\/IMG-20210818-WA0014-768x576.jpg 768w, https:\/\/sinspeb.org.br\/wp-content\/uploads\/2021\/08\/IMG-20210818-WA0014-1536x1152.jpg 1536w, https:\/\/sinspeb.org.br\/wp-content\/uploads\/2021\/08\/IMG-20210818-WA0014.jpg 1600w\" sizes=\"(max-width: 300px) 100vw, 300px\" \/><\/p>\n<p>Ressaltamos que, n\u00e3o s\u00f3 os Servidores P\u00fablicos ter\u00e3o preju\u00edzos se a PEC da Reforma Administrativa for aprovada, mas toda a Sociedade. Por isso, reafirmamos que esta \u00e9 uma luta de todos(as) n\u00f3s!<\/p>\n<p><img loading=\"lazy\" decoding=\"async\" class=\"alignnone size-medium wp-image-2721\" src=\"http:\/\/sinspeb.org.br\/wp-content\/uploads\/2021\/08\/IMG-20210818-WA0025-300x169.jpg\" alt=\"\" width=\"300\" height=\"169\" srcset=\"https:\/\/sinspeb.org.br\/wp-content\/uploads\/2021\/08\/IMG-20210818-WA0025-300x169.jpg 300w, https:\/\/sinspeb.org.br\/wp-content\/uploads\/2021\/08\/IMG-20210818-WA0025-1024x576.jpg 1024w, https:\/\/sinspeb.org.br\/wp-content\/uploads\/2021\/08\/IMG-20210818-WA0025-768x432.jpg 768w, https:\/\/sinspeb.org.br\/wp-content\/uploads\/2021\/08\/IMG-20210818-WA0025.jpg 1280w\" sizes=\"(max-width: 300px) 100vw, 300px\" \/><\/p>\n<p>GEST\u00c3O UFC \u2013 CONTRA A APROVA\u00c7\u00c3O DA PEC DA REFORMA ADMINISTRATIVA!<\/p>\n<p>ASCOM \u2013 SINSPPEB<\/p>\n","protected":false},"excerpt":{"rendered":"<p>&nbsp; &nbsp; &nbsp; Ontem (18.08.21), ocorreu uma grande Mobiliza\u00e7\u00e3o Nacional contra a PEC da Reforma Administrativa. Em todo o Brasil,<\/p>\n","protected":false},"author":3,"featured_media":2711,"comment_status":"open","ping_status":"open","sticky":false,"template":"","format":"standard","meta":{"colormag_page_container_layout":"default_layout","colormag_page_sidebar_layout":"default_layout","footnotes":""},"categories":[45,1],"tags":[],"class_list":["post-2710","post","type-post","status-publish","format-standard","has-post-thumbnail","hentry","category-importante","category-noticias"],"_links":{"self":[{"href":"https:\/\/sinspeb.org.br\/index.php?rest_route=\/wp\/v2\/posts\/2710","targetHints":{"allow":["GET"]}}],"collection":[{"href":"https:\/\/sinspeb.org.br\/index.php?rest_route=\/wp\/v2\/posts"}],"about":[{"href":"https:\/\/sinspeb.org.br\/index.php?rest_route=\/wp\/v2\/types\/post"}],"author":[{"embeddable":true,"href":"https:\/\/sinspeb.org.br\/index.php?rest_route=\/wp\/v2\/users\/3"}],"replies":[{"embeddable":true,"href":"https:\/\/sinspeb.org.br\/index.php?rest_route=%2Fwp%2Fv2%2Fcomments&post=2710"}],"version-history":[{"count":4,"href":"https:\/\/sinspeb.org.br\/index.php?rest_route=\/wp\/v2\/posts\/2710\/revisions"}],"predecessor-version":[{"id":2722,"href":"https:\/\/sinspeb.org.br\/index.php?rest_route=\/wp\/v2\/posts\/2710\/revisions\/2722"}],"wp:featuredmedia":[{"embeddable":true,"href":"https:\/\/sinspeb.org.br\/index.php?rest_route=\/wp\/v2\/media\/2711"}],"wp:attachment":[{"href":"https:\/\/sinspeb.org.br\/index.php?rest_route=%2Fwp%2Fv2%2Fmedia&parent=2710"}],"wp:term":[{"taxonomy":"category","embeddable":true,"href":"https:\/\/sinspeb.org.br\/index.php?rest_route=%2Fwp%2Fv2%2Fcategories&post=2710"},{"taxonomy":"post_tag","embeddable":true,"href":"https:\/\/sinspeb.org.br\/index.php?rest_route=%2Fwp%2Fv2%2Ftags&post=2710"}],"curies":[{"name":"wp","href":"https:\/\/api.w.org\/{rel}","templated":true}]}}