{"id":272,"date":"2019-09-09T10:03:28","date_gmt":"2019-09-09T13:03:28","guid":{"rendered":"http:\/\/sinspeb.org.br\/?p=272"},"modified":"2019-09-09T10:03:28","modified_gmt":"2019-09-09T13:03:28","slug":"audiencia-publica-ministerio-publico-em-paulo-afonso","status":"publish","type":"post","link":"https:\/\/sinspeb.org.br\/?p=272","title":{"rendered":"Audi\u00eancia P\u00fablica &#8211; Minist\u00e9rio Publico em Paulo Afonso"},"content":{"rendered":"<p>&#8220;A SEAP precisa resolver o quadro de superlota\u00e7\u00e3o e o reduzid\u00edssimo efetivo de agentes penitenci\u00e1rios do Conjunto Penal de Paulo Afonso&#8221;, defende Presidente do Sinspeb<\/p>\n<p>Segundo recomenda\u00e7\u00e3o do Conselho Nacional de Pol\u00edtica Criminal Penitenci\u00e1ria (CNPCP), a unidade deveria possuir 128 agentes penitenci\u00e1rios, entretanto, encontra-se com apenas 6 agentes penitenci\u00e1rios masculinos e 2 femininos para um quantitativo de 768 presidi\u00e1rios, distribu\u00eddos em quatro m\u00f3dulos.<\/p>\n<p>Para o Presidente do Sindicato dos Servidores Penitenci\u00e1rios (Sinspeb), Reivon Pimentel, a situa\u00e7\u00e3o do Conjunto Penal de Paulo Afonso encontra-se &#8220;cr\u00edtica&#8221;, a superlota\u00e7\u00e3o e o reduzid\u00edssimo efetivo promovem um contexto de &#8221; inseguran\u00e7a&#8221; na unidade e inviabiliza as assist\u00eancias previstas pela Lei de Execu\u00e7\u00e3o Penal( LEP) aos presidi\u00e1rios. &#8221; Acredito que a partir dessa audi\u00eancia P\u00fablica o Governo do Estado ir\u00e1 tomar medidas para sanar, ou, na pior das hip\u00f3teses, minimizar a situa\u00e7\u00e3o do escasso efetivo e superlota\u00e7\u00e3o do Complexo&#8221;, pontuou, ao destacar que o ac\u00famulo de servi\u00e7o originado pelo n\u00famero muito reduzido de agentes penitenci\u00e1rios desenvolve uma carga elevada de estresse e promove o &#8220;adoecimento&#8221; dos servidores.<\/p>\n<p>O sindicalista defende que seja realizado um trabalho &#8220;conjunto&#8221; entre os \u00f3rg\u00e3os p\u00fablicos envolvidos na execu\u00e7\u00e3o penal e institui\u00e7\u00f5es da sociedade civil com o objetivo de apontar solu\u00e7\u00f5es \u00e0 situa\u00e7\u00e3o do Conjunto Penal de Paulo Afonso. &#8221; S\u00f3 desta forma ser\u00e1 minimizado o problema da falta de seguran\u00e7a na unidade prisional&#8221;, sugere Reivon Pimentel, durante audi\u00eancia p\u00fablica, que contou com as presen\u00e7as de representantes do Minist\u00e9rio P\u00fablico Estadual ( MPE), Defensoria P\u00fablica do Estado( DPE), Pastoral Carcer\u00e1ria, Ordem dos Advogados, Coorpin, Pol\u00edcia Militar, estudantes universit\u00e1rios, professores da UNEB, Sinspeb e sociedade civil em geral, nesta sexta-feira(30), realizada no espa\u00e7o memorial CHESF, localizado no munic\u00edpio de Paulo Afonso.<\/p>\n<p>Ascom &#8211; SINSPEB<\/p>\n<p><a href=\"http:\/\/sinspeb.org.br\/wp-content\/uploads\/2019\/09\/Oficio-MP-Convite-para-Audiencia-P\u00fablica-em-Paulo-Afonso-1.pdf\">Oficio MP &#8211; Convite para Audiencia P\u00fablica em Paulo Afonso-1<\/a><\/p>\n<p><img fetchpriority=\"high\" decoding=\"async\" src=\"http:\/\/sinspeb.org.br\/wp-content\/uploads\/2019\/09\/audiencia-PA-2-300x225.jpg\" alt=\"\" width=\"300\" height=\"225\" class=\"alignnone size-medium wp-image-274\" srcset=\"https:\/\/sinspeb.org.br\/wp-content\/uploads\/2019\/09\/audiencia-PA-2-300x225.jpg 300w, https:\/\/sinspeb.org.br\/wp-content\/uploads\/2019\/09\/audiencia-PA-2-768x576.jpg 768w, https:\/\/sinspeb.org.br\/wp-content\/uploads\/2019\/09\/audiencia-PA-2.jpg 960w\" sizes=\"(max-width: 300px) 100vw, 300px\" \/><\/p>\n<p><img decoding=\"async\" src=\"http:\/\/sinspeb.org.br\/wp-content\/uploads\/2019\/09\/audiencia-PA-3-300x225.jpg\" alt=\"\" width=\"300\" height=\"225\" class=\"alignnone size-medium wp-image-275\" srcset=\"https:\/\/sinspeb.org.br\/wp-content\/uploads\/2019\/09\/audiencia-PA-3-300x225.jpg 300w, https:\/\/sinspeb.org.br\/wp-content\/uploads\/2019\/09\/audiencia-PA-3-768x576.jpg 768w, https:\/\/sinspeb.org.br\/wp-content\/uploads\/2019\/09\/audiencia-PA-3.jpg 960w\" sizes=\"(max-width: 300px) 100vw, 300px\" \/><\/p>\n<p><img decoding=\"async\" src=\"http:\/\/sinspeb.org.br\/wp-content\/uploads\/2019\/09\/audiencia-PA-4-300x225.jpg\" alt=\"\" width=\"300\" height=\"225\" class=\"alignnone size-medium wp-image-276\" srcset=\"https:\/\/sinspeb.org.br\/wp-content\/uploads\/2019\/09\/audiencia-PA-4-300x225.jpg 300w, https:\/\/sinspeb.org.br\/wp-content\/uploads\/2019\/09\/audiencia-PA-4-768x576.jpg 768w, https:\/\/sinspeb.org.br\/wp-content\/uploads\/2019\/09\/audiencia-PA-4.jpg 960w\" sizes=\"(max-width: 300px) 100vw, 300px\" \/><\/p>\n<p><img loading=\"lazy\" decoding=\"async\" src=\"http:\/\/sinspeb.org.br\/wp-content\/uploads\/2019\/09\/audiencia-PA-5-300x225.jpg\" alt=\"\" width=\"300\" height=\"225\" class=\"alignnone size-medium wp-image-277\" srcset=\"https:\/\/sinspeb.org.br\/wp-content\/uploads\/2019\/09\/audiencia-PA-5-300x225.jpg 300w, https:\/\/sinspeb.org.br\/wp-content\/uploads\/2019\/09\/audiencia-PA-5-768x576.jpg 768w, https:\/\/sinspeb.org.br\/wp-content\/uploads\/2019\/09\/audiencia-PA-5.jpg 960w\" sizes=\"(max-width: 300px) 100vw, 300px\" \/><\/p>\n<p><img loading=\"lazy\" decoding=\"async\" src=\"http:\/\/sinspeb.org.br\/wp-content\/uploads\/2019\/09\/audiencia-PA-6-300x225.jpg\" alt=\"\" width=\"300\" height=\"225\" class=\"alignnone size-medium wp-image-278\" srcset=\"https:\/\/sinspeb.org.br\/wp-content\/uploads\/2019\/09\/audiencia-PA-6-300x225.jpg 300w, https:\/\/sinspeb.org.br\/wp-content\/uploads\/2019\/09\/audiencia-PA-6-768x576.jpg 768w, https:\/\/sinspeb.org.br\/wp-content\/uploads\/2019\/09\/audiencia-PA-6.jpg 960w\" sizes=\"(max-width: 300px) 100vw, 300px\" \/><\/p>\n<p><img loading=\"lazy\" decoding=\"async\" src=\"http:\/\/sinspeb.org.br\/wp-content\/uploads\/2019\/09\/audiencia-PA-7-300x225.jpg\" alt=\"\" width=\"300\" height=\"225\" class=\"alignnone size-medium wp-image-279\" srcset=\"https:\/\/sinspeb.org.br\/wp-content\/uploads\/2019\/09\/audiencia-PA-7-300x225.jpg 300w, https:\/\/sinspeb.org.br\/wp-content\/uploads\/2019\/09\/audiencia-PA-7-768x576.jpg 768w, https:\/\/sinspeb.org.br\/wp-content\/uploads\/2019\/09\/audiencia-PA-7.jpg 960w\" sizes=\"(max-width: 300px) 100vw, 300px\" \/><\/p>\n<p><img loading=\"lazy\" decoding=\"async\" src=\"http:\/\/sinspeb.org.br\/wp-content\/uploads\/2019\/09\/audiencia-PA-8-300x225.jpg\" alt=\"\" width=\"300\" height=\"225\" class=\"alignnone size-medium wp-image-280\" srcset=\"https:\/\/sinspeb.org.br\/wp-content\/uploads\/2019\/09\/audiencia-PA-8-300x225.jpg 300w, https:\/\/sinspeb.org.br\/wp-content\/uploads\/2019\/09\/audiencia-PA-8-768x576.jpg 768w, https:\/\/sinspeb.org.br\/wp-content\/uploads\/2019\/09\/audiencia-PA-8.jpg 960w\" sizes=\"(max-width: 300px) 100vw, 300px\" \/><\/p>\n<p><img loading=\"lazy\" decoding=\"async\" src=\"http:\/\/sinspeb.org.br\/wp-content\/uploads\/2019\/09\/audiencia-PA-300x225.jpg\" alt=\"\" width=\"300\" height=\"225\" class=\"alignnone size-medium wp-image-281\" srcset=\"https:\/\/sinspeb.org.br\/wp-content\/uploads\/2019\/09\/audiencia-PA-300x225.jpg 300w, https:\/\/sinspeb.org.br\/wp-content\/uploads\/2019\/09\/audiencia-PA-768x576.jpg 768w, https:\/\/sinspeb.org.br\/wp-content\/uploads\/2019\/09\/audiencia-PA.jpg 960w\" sizes=\"(max-width: 300px) 100vw, 300px\" \/><\/p>\n","protected":false},"excerpt":{"rendered":"<p>&#8220;A SEAP precisa resolver o quadro de superlota\u00e7\u00e3o e o reduzid\u00edssimo efetivo de agentes penitenci\u00e1rios do Conjunto Penal de Paulo<\/p>\n","protected":false},"author":1,"featured_media":0,"comment_status":"open","ping_status":"open","sticky":false,"template":"","format":"standard","meta":{"colormag_page_container_layout":"default_layout","colormag_page_sidebar_layout":"default_layout","footnotes":""},"categories":[1],"tags":[],"class_list":["post-272","post","type-post","status-publish","format-standard","hentry","category-noticias"],"_links":{"self":[{"href":"https:\/\/sinspeb.org.br\/index.php?rest_route=\/wp\/v2\/posts\/272","targetHints":{"allow":["GET"]}}],"collection":[{"href":"https:\/\/sinspeb.org.br\/index.php?rest_route=\/wp\/v2\/posts"}],"about":[{"href":"https:\/\/sinspeb.org.br\/index.php?rest_route=\/wp\/v2\/types\/post"}],"author":[{"embeddable":true,"href":"https:\/\/sinspeb.org.br\/index.php?rest_route=\/wp\/v2\/users\/1"}],"replies":[{"embeddable":true,"href":"https:\/\/sinspeb.org.br\/index.php?rest_route=%2Fwp%2Fv2%2Fcomments&post=272"}],"version-history":[{"count":1,"href":"https:\/\/sinspeb.org.br\/index.php?rest_route=\/wp\/v2\/posts\/272\/revisions"}],"predecessor-version":[{"id":282,"href":"https:\/\/sinspeb.org.br\/index.php?rest_route=\/wp\/v2\/posts\/272\/revisions\/282"}],"wp:attachment":[{"href":"https:\/\/sinspeb.org.br\/index.php?rest_route=%2Fwp%2Fv2%2Fmedia&parent=272"}],"wp:term":[{"taxonomy":"category","embeddable":true,"href":"https:\/\/sinspeb.org.br\/index.php?rest_route=%2Fwp%2Fv2%2Fcategories&post=272"},{"taxonomy":"post_tag","embeddable":true,"href":"https:\/\/sinspeb.org.br\/index.php?rest_route=%2Fwp%2Fv2%2Ftags&post=272"}],"curies":[{"name":"wp","href":"https:\/\/api.w.org\/{rel}","templated":true}]}}