{"id":2723,"date":"2021-08-19T13:04:40","date_gmt":"2021-08-19T16:04:40","guid":{"rendered":"http:\/\/sinspeb.org.br\/?p=2723"},"modified":"2021-08-19T13:04:40","modified_gmt":"2021-08-19T16:04:40","slug":"diretor-do-cpfs-entrega-chaves-do-portao-de-seguranca-a-prepostos-de-empresa-terceirizada","status":"publish","type":"post","link":"https:\/\/sinspeb.org.br\/?p=2723","title":{"rendered":"DIRETOR DO CPFS ENTREGA CHAVES DO PORT\u00c3O DE SEGURAN\u00c7A A PREPOSTOS DE EMPRESA TERCEIRIZADA"},"content":{"rendered":"<p>\u00c9 fato comum no Conjunto Penal de Feira de Santana-CPFS, ocorrer a designa\u00e7\u00e3o de empregados de empresa terceirizada para trabalharem na fun\u00e7\u00e3o que \u00e9 exclusiva de Policiais Penais. Estes empregados desempenham de forma habitual atividades, tais como: recep\u00e7\u00e3o e controle de visitantes, recep\u00e7\u00e3o de viaturas oficiais das diversas institui\u00e7\u00f5es policiais e do Poder Judici\u00e1rio, revista de trabalhadores(as) e revista de ve\u00edculos leves e de caminh\u00f5es de carga e descarga de empresas.<\/p>\n<p>Como se j\u00e1 n\u00e3o fosse absurdo o que foi citado acima, o Diretor do CPFS, o Sr. Allan Silva Ara\u00fajo, n\u00e3o satisfeito em ter entregue a Portaria da Unidade a prepostos de uma empresa de seguran\u00e7a patrimonial (Grupo MAP), resolveu determinar que fossem entregues as chaves do Port\u00e3o de Seguran\u00e7a que d\u00e1 acesso aos 11 (onze) pavilh\u00f5es masculinos, bem como acesso ao bloco da Administra\u00e7\u00e3o, aos prepostos da mesma empresa terceirizada, denotando assim, mais uma vez a n\u00edtida usurpa\u00e7\u00e3o de fun\u00e7\u00e3o p\u00fablica.<\/p>\n<p>Vale destacar, que a Lei 7.209\/97 em seu Anexo I, estabelece a Estrutura da Carreira de Agente Penitenci\u00e1rio do Estado da Bahia, bem como suas respectivas atribui\u00e7\u00f5es, todavia, no CPFS, os empregados do Grupo MAP v\u00eam desenvolvendo rotineiramente atividades t\u00edpicas e espec\u00edficas de Agente Penitenci\u00e1rio por determina\u00e7\u00e3o do Sr. Allan.<\/p>\n<p><img fetchpriority=\"high\" decoding=\"async\" class=\"alignnone size-medium wp-image-2724\" src=\"http:\/\/sinspeb.org.br\/wp-content\/uploads\/2021\/08\/LEI-No-DE-DE-NOVEMBRO-DE-1997-Finalizado2-203x300.png\" alt=\"\" width=\"203\" height=\"300\" srcset=\"https:\/\/sinspeb.org.br\/wp-content\/uploads\/2021\/08\/LEI-No-DE-DE-NOVEMBRO-DE-1997-Finalizado2-203x300.png 203w, https:\/\/sinspeb.org.br\/wp-content\/uploads\/2021\/08\/LEI-No-DE-DE-NOVEMBRO-DE-1997-Finalizado2-695x1024.png 695w, https:\/\/sinspeb.org.br\/wp-content\/uploads\/2021\/08\/LEI-No-DE-DE-NOVEMBRO-DE-1997-Finalizado2-768x1132.png 768w, https:\/\/sinspeb.org.br\/wp-content\/uploads\/2021\/08\/LEI-No-DE-DE-NOVEMBRO-DE-1997-Finalizado2-1042x1536.png 1042w, https:\/\/sinspeb.org.br\/wp-content\/uploads\/2021\/08\/LEI-No-DE-DE-NOVEMBRO-DE-1997-Finalizado2.png 1126w\" sizes=\"(max-width: 203px) 100vw, 203px\" \/><\/p>\n<p>Ressaltamos que, os representantes do SINSPPEB est\u00e3o tomando todas as provid\u00eancias cab\u00edveis para cessar as pr\u00e1ticas de autoritarismo do Diretor da Unidade.<\/p>\n<p>SINSPPEB \u2013 SINDICATO COMBATIVO E ATUANTE!<\/p>\n<p>ASCOM-SINSPPEB<\/p>\n","protected":false},"excerpt":{"rendered":"<p>\u00c9 fato comum no Conjunto Penal de Feira de Santana-CPFS, ocorrer a designa\u00e7\u00e3o de empregados de empresa terceirizada para trabalharem<\/p>\n","protected":false},"author":3,"featured_media":2414,"comment_status":"open","ping_status":"open","sticky":false,"template":"","format":"standard","meta":{"colormag_page_container_layout":"default_layout","colormag_page_sidebar_layout":"default_layout","footnotes":""},"categories":[45,1],"tags":[],"class_list":["post-2723","post","type-post","status-publish","format-standard","has-post-thumbnail","hentry","category-importante","category-noticias"],"_links":{"self":[{"href":"https:\/\/sinspeb.org.br\/index.php?rest_route=\/wp\/v2\/posts\/2723","targetHints":{"allow":["GET"]}}],"collection":[{"href":"https:\/\/sinspeb.org.br\/index.php?rest_route=\/wp\/v2\/posts"}],"about":[{"href":"https:\/\/sinspeb.org.br\/index.php?rest_route=\/wp\/v2\/types\/post"}],"author":[{"embeddable":true,"href":"https:\/\/sinspeb.org.br\/index.php?rest_route=\/wp\/v2\/users\/3"}],"replies":[{"embeddable":true,"href":"https:\/\/sinspeb.org.br\/index.php?rest_route=%2Fwp%2Fv2%2Fcomments&post=2723"}],"version-history":[{"count":1,"href":"https:\/\/sinspeb.org.br\/index.php?rest_route=\/wp\/v2\/posts\/2723\/revisions"}],"predecessor-version":[{"id":2725,"href":"https:\/\/sinspeb.org.br\/index.php?rest_route=\/wp\/v2\/posts\/2723\/revisions\/2725"}],"wp:featuredmedia":[{"embeddable":true,"href":"https:\/\/sinspeb.org.br\/index.php?rest_route=\/wp\/v2\/media\/2414"}],"wp:attachment":[{"href":"https:\/\/sinspeb.org.br\/index.php?rest_route=%2Fwp%2Fv2%2Fmedia&parent=2723"}],"wp:term":[{"taxonomy":"category","embeddable":true,"href":"https:\/\/sinspeb.org.br\/index.php?rest_route=%2Fwp%2Fv2%2Fcategories&post=2723"},{"taxonomy":"post_tag","embeddable":true,"href":"https:\/\/sinspeb.org.br\/index.php?rest_route=%2Fwp%2Fv2%2Ftags&post=2723"}],"curies":[{"name":"wp","href":"https:\/\/api.w.org\/{rel}","templated":true}]}}