{"id":2726,"date":"2021-08-19T17:30:40","date_gmt":"2021-08-19T20:30:40","guid":{"rendered":"http:\/\/sinspeb.org.br\/?p=2726"},"modified":"2021-08-19T17:30:40","modified_gmt":"2021-08-19T20:30:40","slug":"nota-de-repudio-2","status":"publish","type":"post","link":"https:\/\/sinspeb.org.br\/?p=2726","title":{"rendered":"Nota de Rep\u00fadio"},"content":{"rendered":"<p>A Diretoria do Sindicato dos Servidores da Pol\u00edcia Penal do Estado da Bahia-SINSPPEB, vem a p\u00fablico repudiar veementemente a conduta do Secret\u00e1rio de Administra\u00e7\u00e3o Penitenci\u00e1ria e Ressocializa\u00e7\u00e3o do Estado da Bahia, Senhor Nestor Duarte que mesmo ciente de todos os graves problemas que acometem o Conjunto Penal de Feira de Santana-CPFS, especialmente quanto ao desempenho insatisfat\u00f3rio do gestor do Conjunto Penal, tem se mostrado omisso e ausente. Por outro lado, se fez presente na cerim\u00f4nia de entrega das obras de reforma e amplia\u00e7\u00e3o da Companhia Independente de Pol\u00edcia de Guarda do CPFS que foi realizada na manh\u00e3 de ontem (18.08.21).<\/p>\n<p>Frisamos que, para justificar a import\u00e2ncia da Companhia e das mencionadas obras foi utilizada a Lei n\u00ba 13.201 de 09 de dezembro de 2014, que criou a Cia de Pol\u00edcia de Guarda com a finalidade de executar as atividades de guarda e preserva\u00e7\u00e3o da ordem dos Estabelecimentos Penais do Estado da Bahia, bem como da escolta de presos da PMBA. No entanto, as 14 (quatorze) guaritas do CPFS permanecem desprovidas de prepostos da Pol\u00edcia Militar provando com isso que a referida Cia n\u00e3o representa um grande suporte operacional na Unidade Prisional de Feira de Santana.<\/p>\n<p>Destacamos que a Lei acima mencionada, passou, com a Emenda Constitucional 104\/19 a padecer de v\u00edcio de inconstitucionalidade pois traz atribui\u00e7\u00f5es que s\u00e3o pr\u00f3prias da Pol\u00edcia Penal.<\/p>\n<p>Enquanto os demais Estados da Federa\u00e7\u00e3o fortalecem o Sistema Prisional, estruturando as suas Pol\u00edcias Penais, o Governo do Estado da Bahia se omite e permanece indiferente aos problemas enfrentados pelo Sistema Prisional e pela estrutura de Defesa Social do Estado.<\/p>\n<p>GEST\u00c3O UFC \u2013 PELA VALORIZA\u00c7\u00c3O DA CATEGORIA!<\/p>\n<p>ASCOM \u2013 SINSPPEB<\/p>\n","protected":false},"excerpt":{"rendered":"<p>A Diretoria do Sindicato dos Servidores da Pol\u00edcia Penal do Estado da Bahia-SINSPPEB, vem a p\u00fablico repudiar veementemente a conduta<\/p>\n","protected":false},"author":3,"featured_media":2727,"comment_status":"open","ping_status":"open","sticky":false,"template":"","format":"standard","meta":{"colormag_page_container_layout":"default_layout","colormag_page_sidebar_layout":"default_layout","footnotes":""},"categories":[45,1],"tags":[],"class_list":["post-2726","post","type-post","status-publish","format-standard","has-post-thumbnail","hentry","category-importante","category-noticias"],"_links":{"self":[{"href":"https:\/\/sinspeb.org.br\/index.php?rest_route=\/wp\/v2\/posts\/2726","targetHints":{"allow":["GET"]}}],"collection":[{"href":"https:\/\/sinspeb.org.br\/index.php?rest_route=\/wp\/v2\/posts"}],"about":[{"href":"https:\/\/sinspeb.org.br\/index.php?rest_route=\/wp\/v2\/types\/post"}],"author":[{"embeddable":true,"href":"https:\/\/sinspeb.org.br\/index.php?rest_route=\/wp\/v2\/users\/3"}],"replies":[{"embeddable":true,"href":"https:\/\/sinspeb.org.br\/index.php?rest_route=%2Fwp%2Fv2%2Fcomments&post=2726"}],"version-history":[{"count":1,"href":"https:\/\/sinspeb.org.br\/index.php?rest_route=\/wp\/v2\/posts\/2726\/revisions"}],"predecessor-version":[{"id":2728,"href":"https:\/\/sinspeb.org.br\/index.php?rest_route=\/wp\/v2\/posts\/2726\/revisions\/2728"}],"wp:featuredmedia":[{"embeddable":true,"href":"https:\/\/sinspeb.org.br\/index.php?rest_route=\/wp\/v2\/media\/2727"}],"wp:attachment":[{"href":"https:\/\/sinspeb.org.br\/index.php?rest_route=%2Fwp%2Fv2%2Fmedia&parent=2726"}],"wp:term":[{"taxonomy":"category","embeddable":true,"href":"https:\/\/sinspeb.org.br\/index.php?rest_route=%2Fwp%2Fv2%2Fcategories&post=2726"},{"taxonomy":"post_tag","embeddable":true,"href":"https:\/\/sinspeb.org.br\/index.php?rest_route=%2Fwp%2Fv2%2Ftags&post=2726"}],"curies":[{"name":"wp","href":"https:\/\/api.w.org\/{rel}","templated":true}]}}