{"id":2730,"date":"2021-08-20T09:02:41","date_gmt":"2021-08-20T12:02:41","guid":{"rendered":"http:\/\/sinspeb.org.br\/?p=2730"},"modified":"2021-08-20T09:02:41","modified_gmt":"2021-08-20T12:02:41","slug":"nota-de-agradecimento-4","status":"publish","type":"post","link":"https:\/\/sinspeb.org.br\/?p=2730","title":{"rendered":"NOTA DE AGRADECIMENTO"},"content":{"rendered":"<p>O Presidente do Sindicato dos Servidores da Pol\u00edcia Penal do Estado da Bahia-SINSPPEB, Reivon Pimentel em nome de toda Gest\u00e3o Uni\u00e3o, For\u00e7a e Conquistas-UFC, vem publicamente enaltecer a garra dos(as) Policiais Penais e o comprometimento com a causa da Categoria em prol da Aprova\u00e7\u00e3o da PEC da Pol\u00edcia Penal e contra o Grave D\u00e9ficit de Policiais Penais nos Estabelecimentos Penais do Estado.<\/p>\n<p>Agradecemos por voc\u00eas terem atendido ao chamamento dos Representantes do SINSPPEB para cada Assembleia que foi realizada, reivindicando direitos e demonstrando que o Sindicato somos todos n\u00f3s. Informamos que ap\u00f3s a provoca\u00e7\u00e3o da Entidade Sindical, as autoridades competentes se manifestaram. Por isso, contamos mais uma vez com a presen\u00e7a de todos(as) na pr\u00f3xima Assembleia que ocorrer\u00e1 no dia 01 de setembro.<\/p>\n<p>Na oportunidade, parabenizamos aos representantes do Minist\u00e9rio P\u00fablico do Estado pela iniciativa de terem se reunido na quarta-feira (18.08.21) com os representantes da Secretaria de Administra\u00e7\u00e3o Penitenci\u00e1ria e Ressocializa\u00e7\u00e3o do Estado da Bahia-SEAP\/BA, com o objetivo de discutir a respeito das solu\u00e7\u00f5es dos problemas que enfrentam o Sistema Prisional baiano.<\/p>\n<p>Somos gratos tamb\u00e9m ao Defensor P\u00fablico Geral, Dr. Rafson Saraiva que tamb\u00e9m j\u00e1 sinalizou que adotar\u00e1 todas as provid\u00eancias cab\u00edveis junto ao Governo do Estado, \u00e0 SEAP e \u00e0 Assembleia Legislativa acerca da aprova\u00e7\u00e3o da PEC 160\/2020.<\/p>\n<p>GEST\u00c3O UFC \u2013 O NOSSO TRABALHO VOC\u00ca V\u00ca!<\/p>\n<p>ASCOM \u2013 SINSPPEB<\/p>\n","protected":false},"excerpt":{"rendered":"<p>O Presidente do Sindicato dos Servidores da Pol\u00edcia Penal do Estado da Bahia-SINSPPEB, Reivon Pimentel em nome de toda Gest\u00e3o<\/p>\n","protected":false},"author":3,"featured_media":2414,"comment_status":"open","ping_status":"open","sticky":false,"template":"","format":"standard","meta":{"colormag_page_container_layout":"default_layout","colormag_page_sidebar_layout":"default_layout","footnotes":""},"categories":[45,1],"tags":[],"class_list":["post-2730","post","type-post","status-publish","format-standard","has-post-thumbnail","hentry","category-importante","category-noticias"],"_links":{"self":[{"href":"https:\/\/sinspeb.org.br\/index.php?rest_route=\/wp\/v2\/posts\/2730","targetHints":{"allow":["GET"]}}],"collection":[{"href":"https:\/\/sinspeb.org.br\/index.php?rest_route=\/wp\/v2\/posts"}],"about":[{"href":"https:\/\/sinspeb.org.br\/index.php?rest_route=\/wp\/v2\/types\/post"}],"author":[{"embeddable":true,"href":"https:\/\/sinspeb.org.br\/index.php?rest_route=\/wp\/v2\/users\/3"}],"replies":[{"embeddable":true,"href":"https:\/\/sinspeb.org.br\/index.php?rest_route=%2Fwp%2Fv2%2Fcomments&post=2730"}],"version-history":[{"count":2,"href":"https:\/\/sinspeb.org.br\/index.php?rest_route=\/wp\/v2\/posts\/2730\/revisions"}],"predecessor-version":[{"id":2732,"href":"https:\/\/sinspeb.org.br\/index.php?rest_route=\/wp\/v2\/posts\/2730\/revisions\/2732"}],"wp:featuredmedia":[{"embeddable":true,"href":"https:\/\/sinspeb.org.br\/index.php?rest_route=\/wp\/v2\/media\/2414"}],"wp:attachment":[{"href":"https:\/\/sinspeb.org.br\/index.php?rest_route=%2Fwp%2Fv2%2Fmedia&parent=2730"}],"wp:term":[{"taxonomy":"category","embeddable":true,"href":"https:\/\/sinspeb.org.br\/index.php?rest_route=%2Fwp%2Fv2%2Fcategories&post=2730"},{"taxonomy":"post_tag","embeddable":true,"href":"https:\/\/sinspeb.org.br\/index.php?rest_route=%2Fwp%2Fv2%2Ftags&post=2730"}],"curies":[{"name":"wp","href":"https:\/\/api.w.org\/{rel}","templated":true}]}}