{"id":2738,"date":"2021-08-23T13:42:21","date_gmt":"2021-08-23T16:42:21","guid":{"rendered":"http:\/\/sinspeb.org.br\/?p=2738"},"modified":"2021-08-23T13:42:21","modified_gmt":"2021-08-23T16:42:21","slug":"comunicado-sede-recreativa-2","status":"publish","type":"post","link":"https:\/\/sinspeb.org.br\/?p=2738","title":{"rendered":"COMUNICADO &#8211; SEDE RECREATIVA"},"content":{"rendered":"<p>O Presidente do Sindicato dos Servidores da Pol\u00edcia Penal do Estado da Bahia-SINSPPEB, Reivon Pimentel, comunica que a Sede Recreativa do SINSPPEB, localizada em Am\u00e9lia Rodrigues est\u00e1 passando por grandes reformas estruturais para corre\u00e7\u00e3o de problemas na estrutura f\u00edsica, bem como para adequa\u00e7\u00e3o do projeto de acessibilidade e ajustes na rede el\u00e9trica que visam proporcionar mais seguran\u00e7a ao sistema, evitando assim quedas e eleva\u00e7\u00e3o de tens\u00e3o nas redes 127V e 220V, o que provocava queima constante de equipamentos.<\/p>\n<p>Por isso, foi adquirido um estabilizador de tens\u00e3o de 10000kva, e colocados postes de eucalipto para sustenta\u00e7\u00e3o dos cabos a\u00e9reos de 16mm, necess\u00e1rios para suportar a carga de equipamentos el\u00e9tricos. Foi tamb\u00e9m realizada a instala\u00e7\u00e3o de Sistema de Monitoramento por c\u00e2meras e cerca el\u00e9trica.<\/p>\n<p>Estamos trabalhando para oferecer aos filiados, seus dependentes e amigos um espa\u00e7o de lazer e divers\u00e3o cada vez mais confort\u00e1vel e seguro. Desta forma, poderemos melhor atender \u00e0queles que s\u00e3o a raz\u00e3o da exist\u00eancia da Gest\u00e3o UFC, ou seja, voc\u00eas associados do SINSPPEB!<\/p>\n<p>Em virtude de tudo o que foi exposto acima, avisamos que as reservas est\u00e3o suspensas e\/ou canceladas at\u00e9 a conclus\u00e3o total dos servi\u00e7os.<\/p>\n<p>Logo ap\u00f3s a conclus\u00e3o das obras, informaremos sobre a disponibilidade das reservas. Lembramos ainda que quem teve suas reservas canceladas, ter\u00e1 prioridade para um novo agendamento.<\/p>\n<p>Agradecemos a compreens\u00e3o de todos(as)!<\/p>\n<p>ASCOM -SINSPPEB<\/p>\n","protected":false},"excerpt":{"rendered":"<p>O Presidente do Sindicato dos Servidores da Pol\u00edcia Penal do Estado da Bahia-SINSPPEB, Reivon Pimentel, comunica que a Sede Recreativa<\/p>\n","protected":false},"author":3,"featured_media":2414,"comment_status":"open","ping_status":"open","sticky":false,"template":"","format":"standard","meta":{"colormag_page_container_layout":"default_layout","colormag_page_sidebar_layout":"default_layout","footnotes":""},"categories":[45,1],"tags":[],"class_list":["post-2738","post","type-post","status-publish","format-standard","has-post-thumbnail","hentry","category-importante","category-noticias"],"_links":{"self":[{"href":"https:\/\/sinspeb.org.br\/index.php?rest_route=\/wp\/v2\/posts\/2738","targetHints":{"allow":["GET"]}}],"collection":[{"href":"https:\/\/sinspeb.org.br\/index.php?rest_route=\/wp\/v2\/posts"}],"about":[{"href":"https:\/\/sinspeb.org.br\/index.php?rest_route=\/wp\/v2\/types\/post"}],"author":[{"embeddable":true,"href":"https:\/\/sinspeb.org.br\/index.php?rest_route=\/wp\/v2\/users\/3"}],"replies":[{"embeddable":true,"href":"https:\/\/sinspeb.org.br\/index.php?rest_route=%2Fwp%2Fv2%2Fcomments&post=2738"}],"version-history":[{"count":2,"href":"https:\/\/sinspeb.org.br\/index.php?rest_route=\/wp\/v2\/posts\/2738\/revisions"}],"predecessor-version":[{"id":2740,"href":"https:\/\/sinspeb.org.br\/index.php?rest_route=\/wp\/v2\/posts\/2738\/revisions\/2740"}],"wp:featuredmedia":[{"embeddable":true,"href":"https:\/\/sinspeb.org.br\/index.php?rest_route=\/wp\/v2\/media\/2414"}],"wp:attachment":[{"href":"https:\/\/sinspeb.org.br\/index.php?rest_route=%2Fwp%2Fv2%2Fmedia&parent=2738"}],"wp:term":[{"taxonomy":"category","embeddable":true,"href":"https:\/\/sinspeb.org.br\/index.php?rest_route=%2Fwp%2Fv2%2Fcategories&post=2738"},{"taxonomy":"post_tag","embeddable":true,"href":"https:\/\/sinspeb.org.br\/index.php?rest_route=%2Fwp%2Fv2%2Ftags&post=2738"}],"curies":[{"name":"wp","href":"https:\/\/api.w.org\/{rel}","templated":true}]}}