{"id":2758,"date":"2021-08-27T15:32:06","date_gmt":"2021-08-27T18:32:06","guid":{"rendered":"http:\/\/sinspeb.org.br\/?p=2758"},"modified":"2021-08-27T15:35:19","modified_gmt":"2021-08-27T18:35:19","slug":"diretoria-do-sinsppeb-solicita-ao-secretario-da-seap-que-seja-verificada-a-possibilidade-de-no-proximo-concurso-haver-prova-de-titulos-para-quem-ja-trabalhou-como-terceirizado-no-sistema-prisional","status":"publish","type":"post","link":"https:\/\/sinspeb.org.br\/?p=2758","title":{"rendered":"DIRETORIA DO SINSPPEB SOLICITA AO SECRET\u00c1RIO DA SEAP QUE SEJA VERIFICADA A POSSIBILIDADE DE NO PR\u00d3XIMO CONCURSO HAVER PROVA DE T\u00cdTULOS PARA QUEM J\u00c1 TRABALHOU COMO TERCEIRIZADO NO SISTEMA PRISIONAL"},"content":{"rendered":"<p>A Diretoria do Sindicato dos Servidores da Pol\u00edcia Penal do Estado da Bahia-SINSPPEB, protocolou, na tarde de ontem (26.08.21), of\u00edcio (n\u00b0 168) junto ao Secret\u00e1rio de Administra\u00e7\u00e3o Penitenci\u00e1ria e Ressocializa\u00e7\u00e3o do Estado da Bahia, Senhor Nestor Duarte.<\/p>\n<p>O mencionado of\u00edcio tem como objetivo solicitar que, quando da elabora\u00e7\u00e3o do edital do concurso p\u00fablico para o cargo de Policial Penal do Estado da Bahia, evento necess\u00e1rio para sanar o ca\u00f3tico d\u00e9ficit de Servidores pelo qual passa o Sistema Prisional Baiano, seja verificada a possibilidade de atribuir pontua\u00e7\u00e3o extra, como prova de t\u00edtulos, para aqueles trabalhadores e trabalhadoras que exerceram a fun\u00e7\u00e3o de agentes de disciplina ou monitores de ressocializa\u00e7\u00e3o, isso sem comprometer, evidentemente, a ampla competitividade entre os candidatos.<\/p>\n<p><img fetchpriority=\"high\" decoding=\"async\" class=\"alignnone size-medium wp-image-2760\" src=\"http:\/\/sinspeb.org.br\/wp-content\/uploads\/2021\/08\/Screenshot_20210827-1444092-212x300.png\" alt=\"\" width=\"212\" height=\"300\" srcset=\"https:\/\/sinspeb.org.br\/wp-content\/uploads\/2021\/08\/Screenshot_20210827-1444092-212x300.png 212w, https:\/\/sinspeb.org.br\/wp-content\/uploads\/2021\/08\/Screenshot_20210827-1444092.png 647w\" sizes=\"(max-width: 212px) 100vw, 212px\" \/><\/p>\n<p>O SINSPPEB entende que o aproveitamento desses candidatos, detentores de alguma experi\u00eancia decorrente da atua\u00e7\u00e3o em Unidades Prisionais, ainda que terceirizadas, atende ao Princ\u00edpio do Interesse P\u00fablico e faz justi\u00e7a com esses referidos trabalhadores.<\/p>\n<p><img decoding=\"async\" class=\"alignnone size-medium wp-image-2762\" src=\"http:\/\/sinspeb.org.br\/wp-content\/uploads\/2021\/08\/Screenshot_20210827-1444142-201x300.png\" alt=\"\" width=\"201\" height=\"300\" srcset=\"https:\/\/sinspeb.org.br\/wp-content\/uploads\/2021\/08\/Screenshot_20210827-1444142-201x300.png 201w, https:\/\/sinspeb.org.br\/wp-content\/uploads\/2021\/08\/Screenshot_20210827-1444142.png 625w\" sizes=\"(max-width: 201px) 100vw, 201px\" \/><\/p>\n<p>SINSPPEB &#8211; POR UM SISTEMA PRISIONAL MAIS JUSTO E FORTALECIDO!<\/p>\n<p>ASCOM &#8211; SINSPPEB<\/p>\n","protected":false},"excerpt":{"rendered":"<p>A Diretoria do Sindicato dos Servidores da Pol\u00edcia Penal do Estado da Bahia-SINSPPEB, protocolou, na tarde de ontem (26.08.21), of\u00edcio<\/p>\n","protected":false},"author":3,"featured_media":2414,"comment_status":"open","ping_status":"open","sticky":false,"template":"","format":"standard","meta":{"colormag_page_container_layout":"default_layout","colormag_page_sidebar_layout":"default_layout","footnotes":""},"categories":[45,1],"tags":[],"class_list":["post-2758","post","type-post","status-publish","format-standard","has-post-thumbnail","hentry","category-importante","category-noticias"],"_links":{"self":[{"href":"https:\/\/sinspeb.org.br\/index.php?rest_route=\/wp\/v2\/posts\/2758","targetHints":{"allow":["GET"]}}],"collection":[{"href":"https:\/\/sinspeb.org.br\/index.php?rest_route=\/wp\/v2\/posts"}],"about":[{"href":"https:\/\/sinspeb.org.br\/index.php?rest_route=\/wp\/v2\/types\/post"}],"author":[{"embeddable":true,"href":"https:\/\/sinspeb.org.br\/index.php?rest_route=\/wp\/v2\/users\/3"}],"replies":[{"embeddable":true,"href":"https:\/\/sinspeb.org.br\/index.php?rest_route=%2Fwp%2Fv2%2Fcomments&post=2758"}],"version-history":[{"count":3,"href":"https:\/\/sinspeb.org.br\/index.php?rest_route=\/wp\/v2\/posts\/2758\/revisions"}],"predecessor-version":[{"id":2763,"href":"https:\/\/sinspeb.org.br\/index.php?rest_route=\/wp\/v2\/posts\/2758\/revisions\/2763"}],"wp:featuredmedia":[{"embeddable":true,"href":"https:\/\/sinspeb.org.br\/index.php?rest_route=\/wp\/v2\/media\/2414"}],"wp:attachment":[{"href":"https:\/\/sinspeb.org.br\/index.php?rest_route=%2Fwp%2Fv2%2Fmedia&parent=2758"}],"wp:term":[{"taxonomy":"category","embeddable":true,"href":"https:\/\/sinspeb.org.br\/index.php?rest_route=%2Fwp%2Fv2%2Fcategories&post=2758"},{"taxonomy":"post_tag","embeddable":true,"href":"https:\/\/sinspeb.org.br\/index.php?rest_route=%2Fwp%2Fv2%2Ftags&post=2758"}],"curies":[{"name":"wp","href":"https:\/\/api.w.org\/{rel}","templated":true}]}}