{"id":2765,"date":"2021-08-28T08:52:38","date_gmt":"2021-08-28T11:52:38","guid":{"rendered":"http:\/\/sinspeb.org.br\/?p=2765"},"modified":"2021-08-28T08:52:38","modified_gmt":"2021-08-28T11:52:38","slug":"%f0%9f%97%a3%ef%b8%8f-faltam-04-dias-para-assembleia-geral-extraordinaria-em-frente-a-portaria-da-alba-%f0%9f%93%a2","status":"publish","type":"post","link":"https:\/\/sinspeb.org.br\/?p=2765","title":{"rendered":"\ud83d\udde3\ufe0f FALTAM 04 DIAS PARA ASSEMBLEIA GERAL EXTRAORDIN\u00c1RIA EM FRENTE \u00c0 PORTARIA DA ALBA! \ud83d\udce2"},"content":{"rendered":"<p>&nbsp;<\/p>\n<p><img fetchpriority=\"high\" decoding=\"async\" class=\"alignnone size-medium wp-image-2742\" src=\"http:\/\/sinspeb.org.br\/wp-content\/uploads\/2021\/08\/Cartaz-da-Assembleia-Em-frente-a-ALBA-Liberado-2-212x300.png\" alt=\"\" width=\"212\" height=\"300\" srcset=\"https:\/\/sinspeb.org.br\/wp-content\/uploads\/2021\/08\/Cartaz-da-Assembleia-Em-frente-a-ALBA-Liberado-2-212x300.png 212w, https:\/\/sinspeb.org.br\/wp-content\/uploads\/2021\/08\/Cartaz-da-Assembleia-Em-frente-a-ALBA-Liberado-2-724x1024.png 724w, https:\/\/sinspeb.org.br\/wp-content\/uploads\/2021\/08\/Cartaz-da-Assembleia-Em-frente-a-ALBA-Liberado-2-768x1086.png 768w, https:\/\/sinspeb.org.br\/wp-content\/uploads\/2021\/08\/Cartaz-da-Assembleia-Em-frente-a-ALBA-Liberado-2-1086x1536.png 1086w, https:\/\/sinspeb.org.br\/wp-content\/uploads\/2021\/08\/Cartaz-da-Assembleia-Em-frente-a-ALBA-Liberado-2-1448x2048.png 1448w, https:\/\/sinspeb.org.br\/wp-content\/uploads\/2021\/08\/Cartaz-da-Assembleia-Em-frente-a-ALBA-Liberado-2.png 1754w\" sizes=\"(max-width: 212px) 100vw, 212px\" \/><\/p>\n<p>O Presidente do Sindicato dos Servidores da Pol\u00edcia Penal do Estado da Bahia-SINSPPEB, Reivon Pimentel, convoca todos os Servidores e Servidoras da Pol\u00edcia Penal do ESTADO DA BAHIA para participarem de Assembleia Geral Extraordin\u00e1ria na Portaria da Assembleia Legislativa da Bahia-ALBA.<\/p>\n<p>Esta \u00e9 uma luta de toda categoria, por isso, contamos tamb\u00e9m com a presen\u00e7a maci\u00e7a dos Aposentados e daqueles que laboram no GEOP, GSI e na Central Eletr\u00f4nica de Monitora\u00e7\u00e3o de Pessoas.<\/p>\n<p>\u2705 LOCAL: PORTARIA DA ASSEMBLEIA LEGISLATIVA QUE FICA LOCALIZADA NO CENTRO ADMINISTRATIVO DA BAHIA-CAB.<\/p>\n<p>\u2705 DATA: 01.09.2021(Quarta-feira).<\/p>\n<p>\u2705 HOR\u00c1RIO: 09H EM PRIMEIRA CHAMADA E \u00c0S 09H30MIN EM SEGUNDA E \u00daLTIMA CHAMADA.<\/p>\n<p>\ud83d\udc55 Lembramos que todos(as) devem ir padronizados(as) com a camisa da PEC 160\/2020! \ud83e\udd1c\ud83c\udffc\ud83e\udd1b\ud83c\udffc<\/p>\n<p>GEST\u00c3O UFC &#8211; SEM LUTA, N\u00c3O H\u00c1 VIT\u00d3RIA!<\/p>\n<p>ASCOM &#8211; SINSPPEB<\/p>\n","protected":false},"excerpt":{"rendered":"<p>&nbsp; O Presidente do Sindicato dos Servidores da Pol\u00edcia Penal do Estado da Bahia-SINSPPEB, Reivon Pimentel, convoca todos os Servidores<\/p>\n","protected":false},"author":3,"featured_media":2743,"comment_status":"open","ping_status":"open","sticky":false,"template":"","format":"standard","meta":{"colormag_page_container_layout":"default_layout","colormag_page_sidebar_layout":"default_layout","footnotes":""},"categories":[45,1],"tags":[],"class_list":["post-2765","post","type-post","status-publish","format-standard","has-post-thumbnail","hentry","category-importante","category-noticias"],"_links":{"self":[{"href":"https:\/\/sinspeb.org.br\/index.php?rest_route=\/wp\/v2\/posts\/2765","targetHints":{"allow":["GET"]}}],"collection":[{"href":"https:\/\/sinspeb.org.br\/index.php?rest_route=\/wp\/v2\/posts"}],"about":[{"href":"https:\/\/sinspeb.org.br\/index.php?rest_route=\/wp\/v2\/types\/post"}],"author":[{"embeddable":true,"href":"https:\/\/sinspeb.org.br\/index.php?rest_route=\/wp\/v2\/users\/3"}],"replies":[{"embeddable":true,"href":"https:\/\/sinspeb.org.br\/index.php?rest_route=%2Fwp%2Fv2%2Fcomments&post=2765"}],"version-history":[{"count":1,"href":"https:\/\/sinspeb.org.br\/index.php?rest_route=\/wp\/v2\/posts\/2765\/revisions"}],"predecessor-version":[{"id":2766,"href":"https:\/\/sinspeb.org.br\/index.php?rest_route=\/wp\/v2\/posts\/2765\/revisions\/2766"}],"wp:featuredmedia":[{"embeddable":true,"href":"https:\/\/sinspeb.org.br\/index.php?rest_route=\/wp\/v2\/media\/2743"}],"wp:attachment":[{"href":"https:\/\/sinspeb.org.br\/index.php?rest_route=%2Fwp%2Fv2%2Fmedia&parent=2765"}],"wp:term":[{"taxonomy":"category","embeddable":true,"href":"https:\/\/sinspeb.org.br\/index.php?rest_route=%2Fwp%2Fv2%2Fcategories&post=2765"},{"taxonomy":"post_tag","embeddable":true,"href":"https:\/\/sinspeb.org.br\/index.php?rest_route=%2Fwp%2Fv2%2Ftags&post=2765"}],"curies":[{"name":"wp","href":"https:\/\/api.w.org\/{rel}","templated":true}]}}