{"id":2767,"date":"2021-08-30T15:42:46","date_gmt":"2021-08-30T18:42:46","guid":{"rendered":"http:\/\/sinspeb.org.br\/?p=2767"},"modified":"2021-08-30T15:42:46","modified_gmt":"2021-08-30T18:42:46","slug":"parabens-fernando-anunciacao","status":"publish","type":"post","link":"https:\/\/sinspeb.org.br\/?p=2767","title":{"rendered":"Parab\u00e9ns Fernando Anuncia\u00e7\u00e3o!"},"content":{"rendered":"<p><img fetchpriority=\"high\" decoding=\"async\" class=\"alignnone size-medium wp-image-2768\" src=\"http:\/\/sinspeb.org.br\/wp-content\/uploads\/2021\/08\/Fernando-Anunciacao-Niver-300x300.png\" alt=\"\" width=\"300\" height=\"300\" srcset=\"https:\/\/sinspeb.org.br\/wp-content\/uploads\/2021\/08\/Fernando-Anunciacao-Niver-300x300.png 300w, https:\/\/sinspeb.org.br\/wp-content\/uploads\/2021\/08\/Fernando-Anunciacao-Niver-1024x1024.png 1024w, https:\/\/sinspeb.org.br\/wp-content\/uploads\/2021\/08\/Fernando-Anunciacao-Niver-150x150.png 150w, https:\/\/sinspeb.org.br\/wp-content\/uploads\/2021\/08\/Fernando-Anunciacao-Niver-768x768.png 768w, https:\/\/sinspeb.org.br\/wp-content\/uploads\/2021\/08\/Fernando-Anunciacao-Niver-1536x1536.png 1536w, https:\/\/sinspeb.org.br\/wp-content\/uploads\/2021\/08\/Fernando-Anunciacao-Niver.png 1654w\" sizes=\"(max-width: 300px) 100vw, 300px\" \/><\/p>\n<p>O Presidente do Sindicato dos Servidores da Pol\u00edcia Penal do Estado da Bahia-SINSPPEB, Reivon Pimentel em nome de todo Gest\u00e3o Uni\u00e3o, For\u00e7a e Conquistas-UFC, parabeniza o Presidente da FENASPPEN, Fernando Anuncia\u00e7\u00e3o pela passagem de mais um ano de vida!<\/p>\n<p>Uma das grandes b\u00ean\u00e7\u00e3os da vida \u00e9 a experi\u00eancia que os anos vividos nos concedem.<\/p>\n<p>Hoje, mais uma janela se abre diante de seus olhos, trazendo esta t\u00e3o bela data. Os sintomas da felicidade se traduzem no otimismo, na f\u00e9 e nos esfor\u00e7os que tens empenhado para ser melhor a cada dia.<\/p>\n<p>Voc\u00ea \u00e9 um exemplo de pessoa, pois \u00e9 um verdadeiro Guerreiro, um Vencedor, um Campe\u00e3o. Desejamos que o seu caminho pela vida seja sempre de mais e mais sucesso, pois voc\u00ea merece. Que Deus te ilumine todos os dias de sua vida. Feliz Anivers\u00e1rio!!! \ud83e\udd73\ud83e\udd73\ud83e\udd73\ud83e\udd73\ud83c\udf82\ud83c\udf8a\ud83c\udf89\ud83c\udf88\ud83c\udf88\ud83d\udc4f\ud83c\udffc\ud83d\udc4f\ud83c\udffc\ud83d\udc4f\ud83c\udffc<\/p>\n<p>ASCOM \u2013 SINSPPEB<\/p>\n","protected":false},"excerpt":{"rendered":"<p>O Presidente do Sindicato dos Servidores da Pol\u00edcia Penal do Estado da Bahia-SINSPPEB, Reivon Pimentel em nome de todo Gest\u00e3o<\/p>\n","protected":false},"author":3,"featured_media":2769,"comment_status":"open","ping_status":"open","sticky":false,"template":"","format":"standard","meta":{"colormag_page_container_layout":"default_layout","colormag_page_sidebar_layout":"default_layout","footnotes":""},"categories":[45,1],"tags":[],"class_list":["post-2767","post","type-post","status-publish","format-standard","has-post-thumbnail","hentry","category-importante","category-noticias"],"_links":{"self":[{"href":"https:\/\/sinspeb.org.br\/index.php?rest_route=\/wp\/v2\/posts\/2767","targetHints":{"allow":["GET"]}}],"collection":[{"href":"https:\/\/sinspeb.org.br\/index.php?rest_route=\/wp\/v2\/posts"}],"about":[{"href":"https:\/\/sinspeb.org.br\/index.php?rest_route=\/wp\/v2\/types\/post"}],"author":[{"embeddable":true,"href":"https:\/\/sinspeb.org.br\/index.php?rest_route=\/wp\/v2\/users\/3"}],"replies":[{"embeddable":true,"href":"https:\/\/sinspeb.org.br\/index.php?rest_route=%2Fwp%2Fv2%2Fcomments&post=2767"}],"version-history":[{"count":1,"href":"https:\/\/sinspeb.org.br\/index.php?rest_route=\/wp\/v2\/posts\/2767\/revisions"}],"predecessor-version":[{"id":2770,"href":"https:\/\/sinspeb.org.br\/index.php?rest_route=\/wp\/v2\/posts\/2767\/revisions\/2770"}],"wp:featuredmedia":[{"embeddable":true,"href":"https:\/\/sinspeb.org.br\/index.php?rest_route=\/wp\/v2\/media\/2769"}],"wp:attachment":[{"href":"https:\/\/sinspeb.org.br\/index.php?rest_route=%2Fwp%2Fv2%2Fmedia&parent=2767"}],"wp:term":[{"taxonomy":"category","embeddable":true,"href":"https:\/\/sinspeb.org.br\/index.php?rest_route=%2Fwp%2Fv2%2Fcategories&post=2767"},{"taxonomy":"post_tag","embeddable":true,"href":"https:\/\/sinspeb.org.br\/index.php?rest_route=%2Fwp%2Fv2%2Ftags&post=2767"}],"curies":[{"name":"wp","href":"https:\/\/api.w.org\/{rel}","templated":true}]}}