{"id":2774,"date":"2021-08-31T10:44:17","date_gmt":"2021-08-31T13:44:17","guid":{"rendered":"http:\/\/sinspeb.org.br\/?p=2774"},"modified":"2021-08-31T10:44:17","modified_gmt":"2021-08-31T13:44:17","slug":"apoiamos-o-plano-de-carreira-dos-guardas-municipais","status":"publish","type":"post","link":"https:\/\/sinspeb.org.br\/?p=2774","title":{"rendered":"Apoiamos o Plano de Carreira dos Guardas Municipais!"},"content":{"rendered":"<div style=\"width: 640px;\" class=\"wp-video\"><!--[if lt IE 9]><script>document.createElement('video');<\/script><![endif]-->\n<video class=\"wp-video-shortcode\" id=\"video-2774-1\" width=\"640\" height=\"480\" preload=\"metadata\" controls=\"controls\"><source type=\"video\/mp4\" src=\"http:\/\/sinspeb.org.br\/wp-content\/uploads\/2021\/08\/VID-20210831-WA0028.mp4?_=1\" \/><a href=\"http:\/\/sinspeb.org.br\/wp-content\/uploads\/2021\/08\/VID-20210831-WA0028.mp4\">http:\/\/sinspeb.org.br\/wp-content\/uploads\/2021\/08\/VID-20210831-WA0028.mp4<\/a><\/video><\/div>\n<p>Reivon Pimentel, Presidente do Sindicato dos Servidores Penitenci\u00e1rios do Estado da Bahia-SINSPEB, entidade que representa todos os Policiais Penais Baianos, vem a p\u00fablico manifestar seu apoio incondicional e solidariedade aos Guardas Civis Municipais de Salvador na luta pela implanta\u00e7\u00e3o do Plano de Carreira da categoria. Juntos somos fortes, unidos seremos imbat\u00edveis!!!<\/p>\n<p><img fetchpriority=\"high\" decoding=\"async\" class=\"alignnone size-medium wp-image-2779\" src=\"http:\/\/sinspeb.org.br\/wp-content\/uploads\/2021\/08\/IMG-20210822-WA0008-212x300.jpg\" alt=\"\" width=\"212\" height=\"300\" srcset=\"https:\/\/sinspeb.org.br\/wp-content\/uploads\/2021\/08\/IMG-20210822-WA0008-212x300.jpg 212w, https:\/\/sinspeb.org.br\/wp-content\/uploads\/2021\/08\/IMG-20210822-WA0008-724x1024.jpg 724w, https:\/\/sinspeb.org.br\/wp-content\/uploads\/2021\/08\/IMG-20210822-WA0008-768x1086.jpg 768w, https:\/\/sinspeb.org.br\/wp-content\/uploads\/2021\/08\/IMG-20210822-WA0008.jpg 905w\" sizes=\"(max-width: 212px) 100vw, 212px\" \/><\/p>\n<p>ASCOM &#8211; SINSPPEB<\/p>\n","protected":false},"excerpt":{"rendered":"<p>Reivon Pimentel, Presidente do Sindicato dos Servidores Penitenci\u00e1rios do Estado da Bahia-SINSPEB, entidade que representa todos os Policiais Penais Baianos,<\/p>\n","protected":false},"author":3,"featured_media":2778,"comment_status":"open","ping_status":"open","sticky":false,"template":"","format":"standard","meta":{"colormag_page_container_layout":"default_layout","colormag_page_sidebar_layout":"default_layout","footnotes":""},"categories":[45,1],"tags":[],"class_list":["post-2774","post","type-post","status-publish","format-standard","has-post-thumbnail","hentry","category-importante","category-noticias"],"_links":{"self":[{"href":"https:\/\/sinspeb.org.br\/index.php?rest_route=\/wp\/v2\/posts\/2774","targetHints":{"allow":["GET"]}}],"collection":[{"href":"https:\/\/sinspeb.org.br\/index.php?rest_route=\/wp\/v2\/posts"}],"about":[{"href":"https:\/\/sinspeb.org.br\/index.php?rest_route=\/wp\/v2\/types\/post"}],"author":[{"embeddable":true,"href":"https:\/\/sinspeb.org.br\/index.php?rest_route=\/wp\/v2\/users\/3"}],"replies":[{"embeddable":true,"href":"https:\/\/sinspeb.org.br\/index.php?rest_route=%2Fwp%2Fv2%2Fcomments&post=2774"}],"version-history":[{"count":2,"href":"https:\/\/sinspeb.org.br\/index.php?rest_route=\/wp\/v2\/posts\/2774\/revisions"}],"predecessor-version":[{"id":2780,"href":"https:\/\/sinspeb.org.br\/index.php?rest_route=\/wp\/v2\/posts\/2774\/revisions\/2780"}],"wp:featuredmedia":[{"embeddable":true,"href":"https:\/\/sinspeb.org.br\/index.php?rest_route=\/wp\/v2\/media\/2778"}],"wp:attachment":[{"href":"https:\/\/sinspeb.org.br\/index.php?rest_route=%2Fwp%2Fv2%2Fmedia&parent=2774"}],"wp:term":[{"taxonomy":"category","embeddable":true,"href":"https:\/\/sinspeb.org.br\/index.php?rest_route=%2Fwp%2Fv2%2Fcategories&post=2774"},{"taxonomy":"post_tag","embeddable":true,"href":"https:\/\/sinspeb.org.br\/index.php?rest_route=%2Fwp%2Fv2%2Ftags&post=2774"}],"curies":[{"name":"wp","href":"https:\/\/api.w.org\/{rel}","templated":true}]}}