{"id":2785,"date":"2021-08-31T15:18:48","date_gmt":"2021-08-31T18:18:48","guid":{"rendered":"http:\/\/sinspeb.org.br\/?p=2785"},"modified":"2021-08-31T15:18:48","modified_gmt":"2021-08-31T18:18:48","slug":"presidente-do-sinsppeb-faz-convocacao-para-assembleia-geral-extraordinaria","status":"publish","type":"post","link":"https:\/\/sinspeb.org.br\/?p=2785","title":{"rendered":"PRESIDENTE DO SINSPPEB FAZ CONVOCA\u00c7\u00c3O PARA ASSEMBLEIA GERAL EXTRAORDIN\u00c1RIA!"},"content":{"rendered":"<p>O Presidente do Sindicato dos Servidores da Pol\u00edcia Penal do Estado da Bahia-SINSPPEB, Reivon Pimentel convoca os(as) Policiais Penais para Assembleia Geral Extraordin\u00e1ria que ser\u00e1 realizada amanh\u00e3 (01.09.21), em frente \u00e0 Portaria da ALBA.<\/p>\n<div style=\"width: 424px;\" class=\"wp-video\"><!--[if lt IE 9]><script>document.createElement('video');<\/script><![endif]-->\n<video class=\"wp-video-shortcode\" id=\"video-2785-1\" width=\"424\" height=\"320\" preload=\"metadata\" controls=\"controls\"><source type=\"video\/mp4\" src=\"http:\/\/sinspeb.org.br\/wp-content\/uploads\/2021\/08\/WIN_20210831_10_29_25_Pro_20210831140152200_s01.mp4?_=1\" \/><a href=\"http:\/\/sinspeb.org.br\/wp-content\/uploads\/2021\/08\/WIN_20210831_10_29_25_Pro_20210831140152200_s01.mp4\">http:\/\/sinspeb.org.br\/wp-content\/uploads\/2021\/08\/WIN_20210831_10_29_25_Pro_20210831140152200_s01.mp4<\/a><\/video><\/div>\n<p>&nbsp;<\/p>\n<p>\u2747\ufe0f Assistam ao v\u00eddeo acima! \ud83d\udc46\ud83c\udffc<\/p>\n<p>ASCOM &#8211; SINSPPEB<\/p>\n","protected":false},"excerpt":{"rendered":"<p>O Presidente do Sindicato dos Servidores da Pol\u00edcia Penal do Estado da Bahia-SINSPPEB, Reivon Pimentel convoca os(as) Policiais Penais para<\/p>\n","protected":false},"author":3,"featured_media":2010,"comment_status":"open","ping_status":"open","sticky":false,"template":"","format":"standard","meta":{"colormag_page_container_layout":"default_layout","colormag_page_sidebar_layout":"default_layout","footnotes":""},"categories":[45,1],"tags":[],"class_list":["post-2785","post","type-post","status-publish","format-standard","has-post-thumbnail","hentry","category-importante","category-noticias"],"_links":{"self":[{"href":"https:\/\/sinspeb.org.br\/index.php?rest_route=\/wp\/v2\/posts\/2785","targetHints":{"allow":["GET"]}}],"collection":[{"href":"https:\/\/sinspeb.org.br\/index.php?rest_route=\/wp\/v2\/posts"}],"about":[{"href":"https:\/\/sinspeb.org.br\/index.php?rest_route=\/wp\/v2\/types\/post"}],"author":[{"embeddable":true,"href":"https:\/\/sinspeb.org.br\/index.php?rest_route=\/wp\/v2\/users\/3"}],"replies":[{"embeddable":true,"href":"https:\/\/sinspeb.org.br\/index.php?rest_route=%2Fwp%2Fv2%2Fcomments&post=2785"}],"version-history":[{"count":2,"href":"https:\/\/sinspeb.org.br\/index.php?rest_route=\/wp\/v2\/posts\/2785\/revisions"}],"predecessor-version":[{"id":2788,"href":"https:\/\/sinspeb.org.br\/index.php?rest_route=\/wp\/v2\/posts\/2785\/revisions\/2788"}],"wp:featuredmedia":[{"embeddable":true,"href":"https:\/\/sinspeb.org.br\/index.php?rest_route=\/wp\/v2\/media\/2010"}],"wp:attachment":[{"href":"https:\/\/sinspeb.org.br\/index.php?rest_route=%2Fwp%2Fv2%2Fmedia&parent=2785"}],"wp:term":[{"taxonomy":"category","embeddable":true,"href":"https:\/\/sinspeb.org.br\/index.php?rest_route=%2Fwp%2Fv2%2Fcategories&post=2785"},{"taxonomy":"post_tag","embeddable":true,"href":"https:\/\/sinspeb.org.br\/index.php?rest_route=%2Fwp%2Fv2%2Ftags&post=2785"}],"curies":[{"name":"wp","href":"https:\/\/api.w.org\/{rel}","templated":true}]}}