{"id":2799,"date":"2021-09-02T18:29:13","date_gmt":"2021-09-02T21:29:13","guid":{"rendered":"http:\/\/sinspeb.org.br\/?p=2799"},"modified":"2021-09-02T18:32:01","modified_gmt":"2021-09-02T21:32:01","slug":"apos-realizarem-varias-assembleias-policiais-penais-baianos-obtem-resultados-positivos-na-luta-pelos-seus-direitos","status":"publish","type":"post","link":"https:\/\/sinspeb.org.br\/?p=2799","title":{"rendered":"AP\u00d3S REALIZAREM V\u00c1RIAS ASSEMBLEIAS, POLICIAIS PENAIS BAIANOS OBT\u00caM RESULTADOS POSITIVOS NA LUTA PELOS SEUS DIREITOS"},"content":{"rendered":"<p>&nbsp;<\/p>\n<p>O Presidente do Sindicato dos Servidores da Pol\u00edcia Penal do Estado da Bahia-SINSPPEB, Reivon Pimentel, em conformidade com o disposto nos artigos 13, I, d e 48, f do Estatuto do Sindicato, realizou na manh\u00e3 de ontem (01.09.21), Assembleia Geral Extraordin\u00e1ria em frente \u00e0 Portaria da Assembleia Legislativa da Bahia-ALBA.<\/p>\n<p>Iniciada Assembleia, o Presidente Reivon cumprimentou a todos(as) e em seguida apresentou para a plen\u00e1ria os informes relacionados \u00e0s audi\u00eancias que v\u00eam sendo mediadas pelo MPT entre os representantes do SINSPPEB e os representantes do MPE, da PGE e da SEAP com a inten\u00e7\u00e3o de dar maior celeridade aos meios alternativos de resolu\u00e7\u00e3o dos conflitos que envolvem o Sistema Prisional Baiano.<\/p>\n<p>Vale ressaltar que, durante as citadas audi\u00eancias ficou evidente a necessidade de abertura de concurso p\u00fablico, bem como, de aprova\u00e7\u00e3o da PEC da Pol\u00edcia Penal do Estado da Bahia.<\/p>\n<p>Diante dos resultados positivos que as tratativas v\u00eam trazendo para a Categoria dos Policiais Penais, a plen\u00e1ria votou por unanimidade pela Manuten\u00e7\u00e3o do Estado de Greve, Suspens\u00e3o das Assembleias at\u00e9 o final do processo de media\u00e7\u00e3o e Convoca\u00e7\u00e3o de Assembleia em data posterior a conclus\u00e3o do processo de media\u00e7\u00e3o para avalia\u00e7\u00e3o do resultado, ou caso o Governo abandone a mesa de media\u00e7\u00e3o, haver\u00e1 convoca\u00e7\u00e3o imediata de Assembleia Geral Extraordin\u00e1ria para discuss\u00e3o e deflagra\u00e7\u00e3o imediata de Greve Geral por tempo indeterminado.<\/p>\n<p>Cumpre lembrar que a decis\u00e3o de suspender as Assembleias se deu pela considera\u00e7\u00e3o e respeito que a categoria nutre pelos \u00f3rg\u00e3os envolvidos na media\u00e7\u00e3o, como tamb\u00e9m pelo voto de confian\u00e7a que os Policiais Penais dar\u00e3o ao Governo do Estado para que este atenda com brevidade as reivindica\u00e7\u00f5es da categoria.<\/p>\n<p>Destacamos que, atendendo ao chamamento do Presidente do SINSPPEB, v\u00e1rios excedentes do concurso de 2014 se fizeram presentes na Assembleia.<\/p>\n<p>Informamos que no dia 31.08.21 foram protocolados of\u00edcios (n\u00ba 240, n\u00ba 241, n\u00ba 242, n\u00ba 243, n\u00ba244, n\u00ba 245 e n\u00ba 246) junto \u00e0s Autoridades Competentes sobre apresenta\u00e7\u00e3o da ATA de Assembleia Geral Extraordin\u00e1ria realizada no dia 11 de agosto em frente \u00e0 ALBA com o prop\u00f3sito de dar ci\u00eancia a estas Autoridades sobre o que foi decidido pelos Servidores de forma leg\u00edtima.<\/p>\n<p>GEST\u00c3O UFC \u2013 A NOSSA LUTA PRODUZIU RESULTADOS POSITIVOS!<\/p>\n<p>&nbsp;<\/p>\n<p>ASCOM \u2013 SINSPPEB<\/p>\n","protected":false},"excerpt":{"rendered":"<p>&nbsp; O Presidente do Sindicato dos Servidores da Pol\u00edcia Penal do Estado da Bahia-SINSPPEB, Reivon Pimentel, em conformidade com o<\/p>\n","protected":false},"author":3,"featured_media":2800,"comment_status":"open","ping_status":"open","sticky":false,"template":"","format":"standard","meta":{"colormag_page_container_layout":"default_layout","colormag_page_sidebar_layout":"default_layout","footnotes":""},"categories":[45,1],"tags":[],"class_list":["post-2799","post","type-post","status-publish","format-standard","has-post-thumbnail","hentry","category-importante","category-noticias"],"_links":{"self":[{"href":"https:\/\/sinspeb.org.br\/index.php?rest_route=\/wp\/v2\/posts\/2799","targetHints":{"allow":["GET"]}}],"collection":[{"href":"https:\/\/sinspeb.org.br\/index.php?rest_route=\/wp\/v2\/posts"}],"about":[{"href":"https:\/\/sinspeb.org.br\/index.php?rest_route=\/wp\/v2\/types\/post"}],"author":[{"embeddable":true,"href":"https:\/\/sinspeb.org.br\/index.php?rest_route=\/wp\/v2\/users\/3"}],"replies":[{"embeddable":true,"href":"https:\/\/sinspeb.org.br\/index.php?rest_route=%2Fwp%2Fv2%2Fcomments&post=2799"}],"version-history":[{"count":3,"href":"https:\/\/sinspeb.org.br\/index.php?rest_route=\/wp\/v2\/posts\/2799\/revisions"}],"predecessor-version":[{"id":2803,"href":"https:\/\/sinspeb.org.br\/index.php?rest_route=\/wp\/v2\/posts\/2799\/revisions\/2803"}],"wp:featuredmedia":[{"embeddable":true,"href":"https:\/\/sinspeb.org.br\/index.php?rest_route=\/wp\/v2\/media\/2800"}],"wp:attachment":[{"href":"https:\/\/sinspeb.org.br\/index.php?rest_route=%2Fwp%2Fv2%2Fmedia&parent=2799"}],"wp:term":[{"taxonomy":"category","embeddable":true,"href":"https:\/\/sinspeb.org.br\/index.php?rest_route=%2Fwp%2Fv2%2Fcategories&post=2799"},{"taxonomy":"post_tag","embeddable":true,"href":"https:\/\/sinspeb.org.br\/index.php?rest_route=%2Fwp%2Fv2%2Ftags&post=2799"}],"curies":[{"name":"wp","href":"https:\/\/api.w.org\/{rel}","templated":true}]}}