{"id":2812,"date":"2021-09-03T19:56:49","date_gmt":"2021-09-03T22:56:49","guid":{"rendered":"http:\/\/sinspeb.org.br\/?p=2812"},"modified":"2021-09-03T19:56:49","modified_gmt":"2021-09-03T22:56:49","slug":"homenagem-da-gestao-ufc-do-sinsppeb-aos-guerreiros-e-guerreiras-policiais-penais-de-pernambuco","status":"publish","type":"post","link":"https:\/\/sinspeb.org.br\/?p=2812","title":{"rendered":"HOMENAGEM DA GEST\u00c3O UFC DO SINSPPEB AOS GUERREIROS E GUERREIRAS POLICIAIS PENAIS DE PERNAMBUCO"},"content":{"rendered":"<p><img fetchpriority=\"high\" decoding=\"async\" class=\"alignnone size-medium wp-image-2813\" src=\"http:\/\/sinspeb.org.br\/wp-content\/uploads\/2021\/09\/Dia-do-PP-de-PE-300x300.png\" alt=\"\" width=\"300\" height=\"300\" srcset=\"https:\/\/sinspeb.org.br\/wp-content\/uploads\/2021\/09\/Dia-do-PP-de-PE-300x300.png 300w, https:\/\/sinspeb.org.br\/wp-content\/uploads\/2021\/09\/Dia-do-PP-de-PE-1024x1024.png 1024w, https:\/\/sinspeb.org.br\/wp-content\/uploads\/2021\/09\/Dia-do-PP-de-PE-150x150.png 150w, https:\/\/sinspeb.org.br\/wp-content\/uploads\/2021\/09\/Dia-do-PP-de-PE-768x768.png 768w, https:\/\/sinspeb.org.br\/wp-content\/uploads\/2021\/09\/Dia-do-PP-de-PE-1536x1536.png 1536w, https:\/\/sinspeb.org.br\/wp-content\/uploads\/2021\/09\/Dia-do-PP-de-PE.png 1654w\" sizes=\"(max-width: 300px) 100vw, 300px\" \/><\/p>\n<p>O Presidente do Sindicato dos Servidores da Pol\u00edcia Penal do Estado da Bahia-SINSPPEB, Reivon Pimentel em nome de toda Gest\u00e3o Uni\u00e3o, For\u00e7a e Conquistas-UFC, parabeniza a todos(as) Policiais Penais que cumprem com profissionalismo sua miss\u00e3o di\u00e1ria no Sistema Prisional do Estado de Pernambuco.<\/p>\n<p>Os Policiais Penais realizam um servi\u00e7o essencial e de grande relev\u00e2ncia para o Sistema de Defesa Social do Estado, pois s\u00e3o respons\u00e1veis pela manuten\u00e7\u00e3o da ordem, disciplina e seguran\u00e7a interna e externa dos Estabelecimentos Penais.<\/p>\n<p>Parab\u00e9ns Guerreiros e Guerreiras da Pol\u00edcia Penal de Pernambuco pelo seu dia! \ud83d\udc4f\ud83c\udffc\ud83d\udc4f\ud83c\udffc\ud83d\udc4f\ud83c\udffc\ud83d\udc4f\ud83c\udffc\ud83d\udc4f\ud83c\udffc\ud83d\udc4f\ud83c\udffc<\/p>\n<p>ASCOM &#8211; SINSPPEB<\/p>\n","protected":false},"excerpt":{"rendered":"<p>O Presidente do Sindicato dos Servidores da Pol\u00edcia Penal do Estado da Bahia-SINSPPEB, Reivon Pimentel em nome de toda Gest\u00e3o<\/p>\n","protected":false},"author":3,"featured_media":2816,"comment_status":"open","ping_status":"open","sticky":false,"template":"","format":"standard","meta":{"colormag_page_container_layout":"default_layout","colormag_page_sidebar_layout":"default_layout","footnotes":""},"categories":[45,1],"tags":[],"class_list":["post-2812","post","type-post","status-publish","format-standard","has-post-thumbnail","hentry","category-importante","category-noticias"],"_links":{"self":[{"href":"https:\/\/sinspeb.org.br\/index.php?rest_route=\/wp\/v2\/posts\/2812","targetHints":{"allow":["GET"]}}],"collection":[{"href":"https:\/\/sinspeb.org.br\/index.php?rest_route=\/wp\/v2\/posts"}],"about":[{"href":"https:\/\/sinspeb.org.br\/index.php?rest_route=\/wp\/v2\/types\/post"}],"author":[{"embeddable":true,"href":"https:\/\/sinspeb.org.br\/index.php?rest_route=\/wp\/v2\/users\/3"}],"replies":[{"embeddable":true,"href":"https:\/\/sinspeb.org.br\/index.php?rest_route=%2Fwp%2Fv2%2Fcomments&post=2812"}],"version-history":[{"count":1,"href":"https:\/\/sinspeb.org.br\/index.php?rest_route=\/wp\/v2\/posts\/2812\/revisions"}],"predecessor-version":[{"id":2814,"href":"https:\/\/sinspeb.org.br\/index.php?rest_route=\/wp\/v2\/posts\/2812\/revisions\/2814"}],"wp:featuredmedia":[{"embeddable":true,"href":"https:\/\/sinspeb.org.br\/index.php?rest_route=\/wp\/v2\/media\/2816"}],"wp:attachment":[{"href":"https:\/\/sinspeb.org.br\/index.php?rest_route=%2Fwp%2Fv2%2Fmedia&parent=2812"}],"wp:term":[{"taxonomy":"category","embeddable":true,"href":"https:\/\/sinspeb.org.br\/index.php?rest_route=%2Fwp%2Fv2%2Fcategories&post=2812"},{"taxonomy":"post_tag","embeddable":true,"href":"https:\/\/sinspeb.org.br\/index.php?rest_route=%2Fwp%2Fv2%2Ftags&post=2812"}],"curies":[{"name":"wp","href":"https:\/\/api.w.org\/{rel}","templated":true}]}}