{"id":2817,"date":"2021-09-04T11:44:05","date_gmt":"2021-09-04T14:44:05","guid":{"rendered":"http:\/\/sinspeb.org.br\/?p=2817"},"modified":"2021-09-04T11:44:05","modified_gmt":"2021-09-04T14:44:05","slug":"deputado-federal-pastor-sargento-isidorio-declara-apoio-a-aprovacao-da-pec-160-2020","status":"publish","type":"post","link":"https:\/\/sinspeb.org.br\/?p=2817","title":{"rendered":"DEPUTADO FEDERAL PASTOR SARGENTO ISID\u00d3RIO DECLARA APOIO \u00c0 APROVA\u00c7\u00c3O DA PEC 160\/2020"},"content":{"rendered":"<div style=\"width: 640px;\" class=\"wp-video\"><!--[if lt IE 9]><script>document.createElement('video');<\/script><![endif]-->\n<video class=\"wp-video-shortcode\" id=\"video-2817-1\" width=\"640\" height=\"352\" preload=\"metadata\" controls=\"controls\"><source type=\"video\/mp4\" src=\"http:\/\/sinspeb.org.br\/wp-content\/uploads\/2021\/09\/VID-20210903-WA0051.mp4?_=1\" \/><a href=\"http:\/\/sinspeb.org.br\/wp-content\/uploads\/2021\/09\/VID-20210903-WA0051.mp4\">http:\/\/sinspeb.org.br\/wp-content\/uploads\/2021\/09\/VID-20210903-WA0051.mp4<\/a><\/video><\/div>\n<p>No dia 31 de agosto, durante visita \u00e0 Assembleia Legislativa da Bahia-ALBA, que teve como prop\u00f3sito buscar apoio para a aprova\u00e7\u00e3o da PEC da Pol\u00edcia Penal, o Diretor Jur\u00eddico do SINSPPEB, Ramon Carvalhal, encontrou no estacionamento da ALBA o Deputado Federal Pastor Sargento Isid\u00f3rio (Avante).<\/p>\n<p>Vale salientar, que ao decurso do encontro o Parlamentar fez quest\u00e3o de gravar um v\u00eddeo declarando expressamente seu apoio \u00e0 aprova\u00e7\u00e3o da PEC 160\/2020, bem como, de afirmar que foi um dos grandes defensores da Promulga\u00e7\u00e3o da EC 104\/2019 que criou a Pol\u00edcia Penal e a inseriu no artigo 144 da Constitui\u00e7\u00e3o Federal-CF.<\/p>\n<p>De acordo com o Deputado Isid\u00f3rio \u201cO Policial Penal, como qualquer outro Policial est\u00e1 sujeito a todo tipo de vulnerabilidade devido ao risco da atividade que desempenha, e que por isso, o Governo do Estado deve observar o Princ\u00edpio da Simetria para que desse modo possa se adequar \u00e0 linearidade constitucional no que diz respeito ao artigo 144 da CF\u201d.<\/p>\n<p>\u23fa\ufe0f Assistam ao v\u00eddeo acima!\u261d\ud83c\udffc<\/p>\n<p>ASCOM \u2013 SINSPPEB<\/p>\n","protected":false},"excerpt":{"rendered":"<p>No dia 31 de agosto, durante visita \u00e0 Assembleia Legislativa da Bahia-ALBA, que teve como prop\u00f3sito buscar apoio para a<\/p>\n","protected":false},"author":3,"featured_media":2819,"comment_status":"open","ping_status":"open","sticky":false,"template":"","format":"standard","meta":{"colormag_page_container_layout":"default_layout","colormag_page_sidebar_layout":"default_layout","footnotes":""},"categories":[45,1],"tags":[],"class_list":["post-2817","post","type-post","status-publish","format-standard","has-post-thumbnail","hentry","category-importante","category-noticias"],"_links":{"self":[{"href":"https:\/\/sinspeb.org.br\/index.php?rest_route=\/wp\/v2\/posts\/2817","targetHints":{"allow":["GET"]}}],"collection":[{"href":"https:\/\/sinspeb.org.br\/index.php?rest_route=\/wp\/v2\/posts"}],"about":[{"href":"https:\/\/sinspeb.org.br\/index.php?rest_route=\/wp\/v2\/types\/post"}],"author":[{"embeddable":true,"href":"https:\/\/sinspeb.org.br\/index.php?rest_route=\/wp\/v2\/users\/3"}],"replies":[{"embeddable":true,"href":"https:\/\/sinspeb.org.br\/index.php?rest_route=%2Fwp%2Fv2%2Fcomments&post=2817"}],"version-history":[{"count":1,"href":"https:\/\/sinspeb.org.br\/index.php?rest_route=\/wp\/v2\/posts\/2817\/revisions"}],"predecessor-version":[{"id":2820,"href":"https:\/\/sinspeb.org.br\/index.php?rest_route=\/wp\/v2\/posts\/2817\/revisions\/2820"}],"wp:featuredmedia":[{"embeddable":true,"href":"https:\/\/sinspeb.org.br\/index.php?rest_route=\/wp\/v2\/media\/2819"}],"wp:attachment":[{"href":"https:\/\/sinspeb.org.br\/index.php?rest_route=%2Fwp%2Fv2%2Fmedia&parent=2817"}],"wp:term":[{"taxonomy":"category","embeddable":true,"href":"https:\/\/sinspeb.org.br\/index.php?rest_route=%2Fwp%2Fv2%2Fcategories&post=2817"},{"taxonomy":"post_tag","embeddable":true,"href":"https:\/\/sinspeb.org.br\/index.php?rest_route=%2Fwp%2Fv2%2Ftags&post=2817"}],"curies":[{"name":"wp","href":"https:\/\/api.w.org\/{rel}","templated":true}]}}