{"id":2821,"date":"2021-09-06T08:43:32","date_gmt":"2021-09-06T11:43:32","guid":{"rendered":"http:\/\/sinspeb.org.br\/?p=2821"},"modified":"2021-09-06T08:43:32","modified_gmt":"2021-09-06T11:43:32","slug":"pedido-urgente-de-doacao-de-sangue%f0%9f%a9%b8-4","status":"publish","type":"post","link":"https:\/\/sinspeb.org.br\/?p=2821","title":{"rendered":"PEDIDO URGENTE DE DOA\u00c7\u00c3O DE SANGUE\ud83e\ude78"},"content":{"rendered":"<p><img fetchpriority=\"high\" decoding=\"async\" class=\"alignnone size-medium wp-image-2668\" src=\"http:\/\/sinspeb.org.br\/wp-content\/uploads\/2021\/08\/Projeto-Policia-Penal-Cidada-72-300x223.png\" alt=\"\" width=\"300\" height=\"223\" srcset=\"https:\/\/sinspeb.org.br\/wp-content\/uploads\/2021\/08\/Projeto-Policia-Penal-Cidada-72-300x223.png 300w, https:\/\/sinspeb.org.br\/wp-content\/uploads\/2021\/08\/Projeto-Policia-Penal-Cidada-72-1024x760.png 1024w, https:\/\/sinspeb.org.br\/wp-content\/uploads\/2021\/08\/Projeto-Policia-Penal-Cidada-72-768x570.png 768w, https:\/\/sinspeb.org.br\/wp-content\/uploads\/2021\/08\/Projeto-Policia-Penal-Cidada-72.png 1491w\" sizes=\"(max-width: 300px) 100vw, 300px\" \/><\/p>\n<p>O Presidente do Sindicato dos Servidores da Pol\u00edcia Penal do Estado da Bahia-SINSPPEB, Reivon Pimentel, convoca os Servidores e Servidoras da Pol\u00edcia Penal para colaborarem com este ato de solidariedade que \u00e9 a Doa\u00e7\u00e3o de Sangue para a Senhora Luciana da Silva Leal, que ser\u00e1 submetida a um procedimento cir\u00fargico no dia 09.09.21.<\/p>\n<p>PONTO DE COLETA:<\/p>\n<p>\u27a1\ufe0f VITA HEMOTERAPIA DA BAHIA.<\/p>\n<p>End.: Av. Princesa Isabel, n\u00b0 370, Barra &#8211; Salvador\/BA.<\/p>\n<p>CONTATOS DA VITA:<\/p>\n<p>\ud83d\udcf1 (71) 99940-6106<\/p>\n<p>\ud83d\udcde (71) 3052-4264<\/p>\n<p>\u2747\ufe0f Dia e Hor\u00e1rio de Funcionamento da VITA:<\/p>\n<p>\ud83d\udcc6 \u23f0 Segunda a sexta das 07h \u00e0s 15h.<\/p>\n<p>S\u00e1bado: das 08h \u00e0s 12h.<\/p>\n<p>\ud83e\ude78 Tipo Sangu\u00edneo:<\/p>\n<p>\u27a1 \ufe0f Qualquer tipo.<\/p>\n<p>\ud83d\udca1 No ato da doa\u00e7\u00e3o, basta informar o nome da paciente.<\/p>\n<p>A Fam\u00edlia e os amigos agradecem desde j\u00e1 pelo gesto de amor!<\/p>\n<p>ASCOM &#8211; SINSPPEB<\/p>\n","protected":false},"excerpt":{"rendered":"<p>O Presidente do Sindicato dos Servidores da Pol\u00edcia Penal do Estado da Bahia-SINSPPEB, Reivon Pimentel, convoca os Servidores e Servidoras<\/p>\n","protected":false},"author":3,"featured_media":2670,"comment_status":"open","ping_status":"open","sticky":false,"template":"","format":"standard","meta":{"colormag_page_container_layout":"default_layout","colormag_page_sidebar_layout":"default_layout","footnotes":""},"categories":[45,1],"tags":[],"class_list":["post-2821","post","type-post","status-publish","format-standard","has-post-thumbnail","hentry","category-importante","category-noticias"],"_links":{"self":[{"href":"https:\/\/sinspeb.org.br\/index.php?rest_route=\/wp\/v2\/posts\/2821","targetHints":{"allow":["GET"]}}],"collection":[{"href":"https:\/\/sinspeb.org.br\/index.php?rest_route=\/wp\/v2\/posts"}],"about":[{"href":"https:\/\/sinspeb.org.br\/index.php?rest_route=\/wp\/v2\/types\/post"}],"author":[{"embeddable":true,"href":"https:\/\/sinspeb.org.br\/index.php?rest_route=\/wp\/v2\/users\/3"}],"replies":[{"embeddable":true,"href":"https:\/\/sinspeb.org.br\/index.php?rest_route=%2Fwp%2Fv2%2Fcomments&post=2821"}],"version-history":[{"count":2,"href":"https:\/\/sinspeb.org.br\/index.php?rest_route=\/wp\/v2\/posts\/2821\/revisions"}],"predecessor-version":[{"id":2823,"href":"https:\/\/sinspeb.org.br\/index.php?rest_route=\/wp\/v2\/posts\/2821\/revisions\/2823"}],"wp:featuredmedia":[{"embeddable":true,"href":"https:\/\/sinspeb.org.br\/index.php?rest_route=\/wp\/v2\/media\/2670"}],"wp:attachment":[{"href":"https:\/\/sinspeb.org.br\/index.php?rest_route=%2Fwp%2Fv2%2Fmedia&parent=2821"}],"wp:term":[{"taxonomy":"category","embeddable":true,"href":"https:\/\/sinspeb.org.br\/index.php?rest_route=%2Fwp%2Fv2%2Fcategories&post=2821"},{"taxonomy":"post_tag","embeddable":true,"href":"https:\/\/sinspeb.org.br\/index.php?rest_route=%2Fwp%2Fv2%2Ftags&post=2821"}],"curies":[{"name":"wp","href":"https:\/\/api.w.org\/{rel}","templated":true}]}}