{"id":283,"date":"2019-09-09T12:12:09","date_gmt":"2019-09-09T15:12:09","guid":{"rendered":"http:\/\/sinspeb.org.br\/?p=283"},"modified":"2019-09-09T12:12:09","modified_gmt":"2019-09-09T15:12:09","slug":"inauguracao-do-alojamento-masculino-cpfs","status":"publish","type":"post","link":"https:\/\/sinspeb.org.br\/?p=283","title":{"rendered":"Inaugura\u00e7\u00e3o do Alojamento Masculino CPFS"},"content":{"rendered":"<p><img fetchpriority=\"high\" decoding=\"async\" src=\"http:\/\/sinspeb.org.br\/wp-content\/uploads\/2019\/09\/alojamento-CPFS-13-300x225.jpg\" alt=\"\" width=\"350\" height=\"225\" class=\"aligncenter size-medium wp-image-284\" \/><\/p>\n<p>O Presidente do Sindicato dos Servidores Penitenci\u00e1rios do Estado da Bahia, Reivon Pimentel, vem por meio deste, celebrar a concretiza\u00e7\u00e3o de um sonho para os Agentes Penitenci\u00e1rios do Conjunto Penal de Feira de Santana, a constru\u00e7\u00e3o do alojamento masculino, garantindo dignidade, respeito, seguran\u00e7a e qualidade de vida no ambiente de trabalho.<\/p>\n<p>A luta foi \u00e1rdua e exaustiva para obtermos \u00eaxito nesta conquista, obtida atrav\u00e9s do empenho dos Agentes Penitenci\u00e1rios desta Unidade Prisional em conjunto com a Gest\u00e3o Uni\u00e3o, For\u00e7a e Conquistas (UFC)\/SINSPEB, nos diversos enfrentamentos nas mobiliza\u00e7\u00f5es, assembleias, visitas aos \u00f3rg\u00e3os de imprensa, paralisa\u00e7\u00f5es, opera\u00e7\u00e3o legalidade, assinatura de TAC e muito di\u00e1logo com os diversos \u00f3rg\u00e3os do Governo e, bem como, com todos os \u00f3rg\u00e3os competentes e respons\u00e1veis pela execu\u00e7\u00e3o penal no Estado da Bahia.<\/p>\n<p>A inaugura\u00e7\u00e3o do Alojamento Masculino representa uma conquista tanto profissional quanto pessoal, para todos aqueles que contribu\u00edram e fizeram parte de alguma forma para que a concretiza\u00e7\u00e3o deste feito se materializasse.<\/p>\n<p>Parabenizamos todos os Agentes Penitenci\u00e1rios deste conjunto penal, por acreditarem na luta e pelo apoio e confian\u00e7a depositados na Gest\u00e3o UFC, nos motivando e fortalecendo toda nossa categoria. Agradecemos, tamb\u00e9m, ao Secret\u00e1rio da SEAP &#8211; Nestor Duarte, ao Diretor Geral\/SEAP &#8211; Tarc\u00edsio Malaquias, e sua equipe, por terem se empenhado para que este projeto fosse executado com celeridade e responsabilidade.<\/p>\n<p>Parab\u00e9ns \u00e0 todos Agentes Penitenci\u00e1rios do CPFS e afirmamos que \u00e9 esse o princ\u00edpio da nossa gest\u00e3o, trabalhar em prol da categoria, motivado pelo benef\u00edcio coletivo e pela defesa dos nossos interesses e prerrogativas.<\/p>\n<p>Ascom &#8211; SINSPEB<\/p>\n<p><img decoding=\"async\" src=\"http:\/\/sinspeb.org.br\/wp-content\/uploads\/2019\/09\/alojamento-CPFS-11-300x225.jpg\" alt=\"\" width=\"300\" height=\"225\" class=\"alignnone size-medium wp-image-314\" srcset=\"https:\/\/sinspeb.org.br\/wp-content\/uploads\/2019\/09\/alojamento-CPFS-11-300x225.jpg 300w, https:\/\/sinspeb.org.br\/wp-content\/uploads\/2019\/09\/alojamento-CPFS-11-768x576.jpg 768w, https:\/\/sinspeb.org.br\/wp-content\/uploads\/2019\/09\/alojamento-CPFS-11.jpg 960w\" sizes=\"(max-width: 300px) 100vw, 300px\" \/> <img decoding=\"async\" src=\"http:\/\/sinspeb.org.br\/wp-content\/uploads\/2019\/09\/alojamento-CPFS-12-300x225.jpg\" alt=\"\" width=\"300\" height=\"225\" class=\"alignnone size-medium wp-image-315\" srcset=\"https:\/\/sinspeb.org.br\/wp-content\/uploads\/2019\/09\/alojamento-CPFS-12-300x225.jpg 300w, https:\/\/sinspeb.org.br\/wp-content\/uploads\/2019\/09\/alojamento-CPFS-12-768x576.jpg 768w, https:\/\/sinspeb.org.br\/wp-content\/uploads\/2019\/09\/alojamento-CPFS-12.jpg 960w\" sizes=\"(max-width: 300px) 100vw, 300px\" \/> <img loading=\"lazy\" decoding=\"async\" src=\"http:\/\/sinspeb.org.br\/wp-content\/uploads\/2019\/09\/alojamento-CPFS-300x225.jpg\" alt=\"\" width=\"300\" height=\"225\" class=\"alignnone size-medium wp-image-316\" srcset=\"https:\/\/sinspeb.org.br\/wp-content\/uploads\/2019\/09\/alojamento-CPFS-300x225.jpg 300w, https:\/\/sinspeb.org.br\/wp-content\/uploads\/2019\/09\/alojamento-CPFS-768x576.jpg 768w, https:\/\/sinspeb.org.br\/wp-content\/uploads\/2019\/09\/alojamento-CPFS.jpg 960w\" sizes=\"(max-width: 300px) 100vw, 300px\" \/> <img loading=\"lazy\" decoding=\"async\" src=\"http:\/\/sinspeb.org.br\/wp-content\/uploads\/2019\/09\/alojamento-CPFS-1-300x225.jpg\" alt=\"\" width=\"300\" height=\"225\" class=\"alignnone size-medium wp-image-304\" srcset=\"https:\/\/sinspeb.org.br\/wp-content\/uploads\/2019\/09\/alojamento-CPFS-1-300x225.jpg 300w, https:\/\/sinspeb.org.br\/wp-content\/uploads\/2019\/09\/alojamento-CPFS-1-768x576.jpg 768w, https:\/\/sinspeb.org.br\/wp-content\/uploads\/2019\/09\/alojamento-CPFS-1.jpg 960w\" sizes=\"(max-width: 300px) 100vw, 300px\" \/> <img loading=\"lazy\" decoding=\"async\" src=\"http:\/\/sinspeb.org.br\/wp-content\/uploads\/2019\/09\/alojamento-CPFS-2-300x225.jpg\" alt=\"\" width=\"300\" height=\"225\" class=\"alignnone size-medium wp-image-305\" srcset=\"https:\/\/sinspeb.org.br\/wp-content\/uploads\/2019\/09\/alojamento-CPFS-2-300x225.jpg 300w, https:\/\/sinspeb.org.br\/wp-content\/uploads\/2019\/09\/alojamento-CPFS-2-768x576.jpg 768w, https:\/\/sinspeb.org.br\/wp-content\/uploads\/2019\/09\/alojamento-CPFS-2.jpg 960w\" sizes=\"(max-width: 300px) 100vw, 300px\" \/> <img loading=\"lazy\" decoding=\"async\" src=\"http:\/\/sinspeb.org.br\/wp-content\/uploads\/2019\/09\/alojamento-CPFS-3-300x225.jpg\" alt=\"\" width=\"300\" height=\"225\" class=\"alignnone size-medium wp-image-306\" srcset=\"https:\/\/sinspeb.org.br\/wp-content\/uploads\/2019\/09\/alojamento-CPFS-3-300x225.jpg 300w, https:\/\/sinspeb.org.br\/wp-content\/uploads\/2019\/09\/alojamento-CPFS-3-768x576.jpg 768w, https:\/\/sinspeb.org.br\/wp-content\/uploads\/2019\/09\/alojamento-CPFS-3.jpg 960w\" sizes=\"(max-width: 300px) 100vw, 300px\" \/> <img loading=\"lazy\" decoding=\"async\" src=\"http:\/\/sinspeb.org.br\/wp-content\/uploads\/2019\/09\/alojamento-CPFS-4-300x225.jpg\" alt=\"\" width=\"300\" height=\"225\" class=\"alignnone size-medium wp-image-307\" srcset=\"https:\/\/sinspeb.org.br\/wp-content\/uploads\/2019\/09\/alojamento-CPFS-4-300x225.jpg 300w, https:\/\/sinspeb.org.br\/wp-content\/uploads\/2019\/09\/alojamento-CPFS-4-768x576.jpg 768w, https:\/\/sinspeb.org.br\/wp-content\/uploads\/2019\/09\/alojamento-CPFS-4.jpg 960w\" sizes=\"(max-width: 300px) 100vw, 300px\" \/> <img loading=\"lazy\" decoding=\"async\" src=\"http:\/\/sinspeb.org.br\/wp-content\/uploads\/2019\/09\/alojamento-CPFS-5-300x225.jpg\" alt=\"\" width=\"300\" height=\"225\" class=\"alignnone size-medium wp-image-308\" srcset=\"https:\/\/sinspeb.org.br\/wp-content\/uploads\/2019\/09\/alojamento-CPFS-5-300x225.jpg 300w, https:\/\/sinspeb.org.br\/wp-content\/uploads\/2019\/09\/alojamento-CPFS-5-768x576.jpg 768w, https:\/\/sinspeb.org.br\/wp-content\/uploads\/2019\/09\/alojamento-CPFS-5.jpg 960w\" sizes=\"(max-width: 300px) 100vw, 300px\" \/> <img loading=\"lazy\" decoding=\"async\" src=\"http:\/\/sinspeb.org.br\/wp-content\/uploads\/2019\/09\/alojamento-CPFS-6-300x225.jpg\" alt=\"\" width=\"300\" height=\"225\" class=\"alignnone size-medium wp-image-309\" srcset=\"https:\/\/sinspeb.org.br\/wp-content\/uploads\/2019\/09\/alojamento-CPFS-6-300x225.jpg 300w, https:\/\/sinspeb.org.br\/wp-content\/uploads\/2019\/09\/alojamento-CPFS-6-768x576.jpg 768w, https:\/\/sinspeb.org.br\/wp-content\/uploads\/2019\/09\/alojamento-CPFS-6.jpg 960w\" sizes=\"(max-width: 300px) 100vw, 300px\" \/> <img loading=\"lazy\" decoding=\"async\" src=\"http:\/\/sinspeb.org.br\/wp-content\/uploads\/2019\/09\/alojamento-CPFS-7-300x225.jpg\" alt=\"\" width=\"300\" height=\"225\" class=\"alignnone size-medium wp-image-310\" srcset=\"https:\/\/sinspeb.org.br\/wp-content\/uploads\/2019\/09\/alojamento-CPFS-7-300x225.jpg 300w, https:\/\/sinspeb.org.br\/wp-content\/uploads\/2019\/09\/alojamento-CPFS-7-768x576.jpg 768w, https:\/\/sinspeb.org.br\/wp-content\/uploads\/2019\/09\/alojamento-CPFS-7.jpg 960w\" sizes=\"(max-width: 300px) 100vw, 300px\" \/> <img loading=\"lazy\" decoding=\"async\" src=\"http:\/\/sinspeb.org.br\/wp-content\/uploads\/2019\/09\/alojamento-CPFS-8-300x225.jpg\" alt=\"\" width=\"300\" height=\"225\" class=\"alignnone size-medium wp-image-311\" srcset=\"https:\/\/sinspeb.org.br\/wp-content\/uploads\/2019\/09\/alojamento-CPFS-8-300x225.jpg 300w, https:\/\/sinspeb.org.br\/wp-content\/uploads\/2019\/09\/alojamento-CPFS-8-768x576.jpg 768w, https:\/\/sinspeb.org.br\/wp-content\/uploads\/2019\/09\/alojamento-CPFS-8.jpg 960w\" sizes=\"(max-width: 300px) 100vw, 300px\" \/> <img loading=\"lazy\" decoding=\"async\" src=\"http:\/\/sinspeb.org.br\/wp-content\/uploads\/2019\/09\/alojamento-CPFS-9-300x225.jpg\" alt=\"\" width=\"300\" height=\"225\" class=\"alignnone size-medium wp-image-312\" srcset=\"https:\/\/sinspeb.org.br\/wp-content\/uploads\/2019\/09\/alojamento-CPFS-9-300x225.jpg 300w, https:\/\/sinspeb.org.br\/wp-content\/uploads\/2019\/09\/alojamento-CPFS-9-768x576.jpg 768w, https:\/\/sinspeb.org.br\/wp-content\/uploads\/2019\/09\/alojamento-CPFS-9.jpg 960w\" sizes=\"(max-width: 300px) 100vw, 300px\" \/> <img loading=\"lazy\" decoding=\"async\" src=\"http:\/\/sinspeb.org.br\/wp-content\/uploads\/2019\/09\/alojamento-CPFS-10-300x225.jpg\" alt=\"\" width=\"300\" height=\"225\" class=\"alignnone size-medium wp-image-313\" srcset=\"https:\/\/sinspeb.org.br\/wp-content\/uploads\/2019\/09\/alojamento-CPFS-10-300x225.jpg 300w, https:\/\/sinspeb.org.br\/wp-content\/uploads\/2019\/09\/alojamento-CPFS-10-768x576.jpg 768w, https:\/\/sinspeb.org.br\/wp-content\/uploads\/2019\/09\/alojamento-CPFS-10.jpg 960w\" sizes=\"(max-width: 300px) 100vw, 300px\" \/> <\/p>\n","protected":false},"excerpt":{"rendered":"<p>O Presidente do Sindicato dos Servidores Penitenci\u00e1rios do Estado da Bahia, Reivon Pimentel, vem por meio deste, celebrar a concretiza\u00e7\u00e3o<\/p>\n","protected":false},"author":1,"featured_media":0,"comment_status":"open","ping_status":"open","sticky":false,"template":"","format":"standard","meta":{"colormag_page_container_layout":"default_layout","colormag_page_sidebar_layout":"default_layout","footnotes":""},"categories":[1],"tags":[],"class_list":["post-283","post","type-post","status-publish","format-standard","hentry","category-noticias"],"_links":{"self":[{"href":"https:\/\/sinspeb.org.br\/index.php?rest_route=\/wp\/v2\/posts\/283","targetHints":{"allow":["GET"]}}],"collection":[{"href":"https:\/\/sinspeb.org.br\/index.php?rest_route=\/wp\/v2\/posts"}],"about":[{"href":"https:\/\/sinspeb.org.br\/index.php?rest_route=\/wp\/v2\/types\/post"}],"author":[{"embeddable":true,"href":"https:\/\/sinspeb.org.br\/index.php?rest_route=\/wp\/v2\/users\/1"}],"replies":[{"embeddable":true,"href":"https:\/\/sinspeb.org.br\/index.php?rest_route=%2Fwp%2Fv2%2Fcomments&post=283"}],"version-history":[{"count":28,"href":"https:\/\/sinspeb.org.br\/index.php?rest_route=\/wp\/v2\/posts\/283\/revisions"}],"predecessor-version":[{"id":325,"href":"https:\/\/sinspeb.org.br\/index.php?rest_route=\/wp\/v2\/posts\/283\/revisions\/325"}],"wp:attachment":[{"href":"https:\/\/sinspeb.org.br\/index.php?rest_route=%2Fwp%2Fv2%2Fmedia&parent=283"}],"wp:term":[{"taxonomy":"category","embeddable":true,"href":"https:\/\/sinspeb.org.br\/index.php?rest_route=%2Fwp%2Fv2%2Fcategories&post=283"},{"taxonomy":"post_tag","embeddable":true,"href":"https:\/\/sinspeb.org.br\/index.php?rest_route=%2Fwp%2Fv2%2Ftags&post=283"}],"curies":[{"name":"wp","href":"https:\/\/api.w.org\/{rel}","templated":true}]}}