{"id":2830,"date":"2021-09-06T21:32:39","date_gmt":"2021-09-07T00:32:39","guid":{"rendered":"http:\/\/sinspeb.org.br\/?p=2830"},"modified":"2021-09-06T21:32:39","modified_gmt":"2021-09-07T00:32:39","slug":"centro-de-treinamento-moral-moreira-e-inaugurado-na-clc","status":"publish","type":"post","link":"https:\/\/sinspeb.org.br\/?p=2830","title":{"rendered":"CENTRO DE TREINAMENTO MORAL MOREIRA \u00c9 INAUGURADO NA CLC"},"content":{"rendered":"<p><img fetchpriority=\"high\" decoding=\"async\" class=\"alignnone size-medium wp-image-2831\" src=\"http:\/\/sinspeb.org.br\/wp-content\/uploads\/2021\/09\/CTMM-2-2-300x269.gif\" alt=\"\" width=\"300\" height=\"269\" \/><\/p>\n<p>Na manh\u00e3 de s\u00e1bado (04.09.21), foi inaugurado o Centro de Treinamento Moral Moreira-CTMM na Col\u00f4nia Penal Lafayete Coutinho. O mencionado Centro foi criado pelos Policiais Penais da Unidade com a finalidade de investir na sa\u00fade f\u00edsica e mental dos Servidores da Pol\u00edcia Penal atrav\u00e9s da pr\u00e1tica de exerc\u00edcios f\u00edsicos.<\/p>\n<p>Vale destacar, que o nome dado ao Centro homenageia o colega rec\u00e9m-aposentado Ruben Urpia, pois este recebeu dos colegas da Unidade, o apelido carinhoso de Moral Moreira.<\/p>\n<p>Nesta oportunidade, o Presidente do Sindicato dos Servidores da Pol\u00edcia Penal do Estado da Bahia-SINSPPEB, Reivon Pimentel em nome de toda Gest\u00e3o Uni\u00e3o, For\u00e7a e Conquistas-UFC parabeniza a todos os Policiais Penais da CLC, em especial ao Diretor do SINSPPEB Neemias Cedraz de Oliveira pela iniciativa de criarem o CTMM.<\/p>\n<p>A Gest\u00e3o UFC do SINSPPEB al\u00e9m de apoiar, incentiva e participa de todas as iniciativas que visam melhorar a condi\u00e7\u00e3o de vida dos(as) Policiais Penais.<\/p>\n<p>GEST\u00c3O UFC \u2013 ABANDONE O SEDENTARISMO E PRATIQUE EXERC\u00cdCIOS F\u00cdSICOS! \u26f9\ud83c\udffb\u200d\u2642\ufe0f\ud83e\udd38\ud83c\udffd\u200d\u2642\ufe0f\ud83c\udfcb\ud83c\udffb\u200d\u2640\ufe0f\ud83e\udd3c\u200d\u2642\ufe0f<\/p>\n<p>ASCOM \u2013 SINSPPEB<\/p>\n","protected":false},"excerpt":{"rendered":"<p>Na manh\u00e3 de s\u00e1bado (04.09.21), foi inaugurado o Centro de Treinamento Moral Moreira-CTMM na Col\u00f4nia Penal Lafayete Coutinho. O mencionado<\/p>\n","protected":false},"author":3,"featured_media":2831,"comment_status":"open","ping_status":"open","sticky":false,"template":"","format":"standard","meta":{"colormag_page_container_layout":"default_layout","colormag_page_sidebar_layout":"default_layout","footnotes":""},"categories":[45,1],"tags":[],"class_list":["post-2830","post","type-post","status-publish","format-standard","has-post-thumbnail","hentry","category-importante","category-noticias"],"_links":{"self":[{"href":"https:\/\/sinspeb.org.br\/index.php?rest_route=\/wp\/v2\/posts\/2830","targetHints":{"allow":["GET"]}}],"collection":[{"href":"https:\/\/sinspeb.org.br\/index.php?rest_route=\/wp\/v2\/posts"}],"about":[{"href":"https:\/\/sinspeb.org.br\/index.php?rest_route=\/wp\/v2\/types\/post"}],"author":[{"embeddable":true,"href":"https:\/\/sinspeb.org.br\/index.php?rest_route=\/wp\/v2\/users\/3"}],"replies":[{"embeddable":true,"href":"https:\/\/sinspeb.org.br\/index.php?rest_route=%2Fwp%2Fv2%2Fcomments&post=2830"}],"version-history":[{"count":1,"href":"https:\/\/sinspeb.org.br\/index.php?rest_route=\/wp\/v2\/posts\/2830\/revisions"}],"predecessor-version":[{"id":2832,"href":"https:\/\/sinspeb.org.br\/index.php?rest_route=\/wp\/v2\/posts\/2830\/revisions\/2832"}],"wp:featuredmedia":[{"embeddable":true,"href":"https:\/\/sinspeb.org.br\/index.php?rest_route=\/wp\/v2\/media\/2831"}],"wp:attachment":[{"href":"https:\/\/sinspeb.org.br\/index.php?rest_route=%2Fwp%2Fv2%2Fmedia&parent=2830"}],"wp:term":[{"taxonomy":"category","embeddable":true,"href":"https:\/\/sinspeb.org.br\/index.php?rest_route=%2Fwp%2Fv2%2Fcategories&post=2830"},{"taxonomy":"post_tag","embeddable":true,"href":"https:\/\/sinspeb.org.br\/index.php?rest_route=%2Fwp%2Fv2%2Ftags&post=2830"}],"curies":[{"name":"wp","href":"https:\/\/api.w.org\/{rel}","templated":true}]}}