{"id":2834,"date":"2021-09-06T22:00:51","date_gmt":"2021-09-07T01:00:51","guid":{"rendered":"http:\/\/sinspeb.org.br\/?p=2834"},"modified":"2021-09-06T22:00:51","modified_gmt":"2021-09-07T01:00:51","slug":"diretor-do-cop-recebe-18-internos-a-noite-de-uma-so-vez-e-poe-em-risco-a-seguranca-dos-servidores-da-unidade","status":"publish","type":"post","link":"https:\/\/sinspeb.org.br\/?p=2834","title":{"rendered":"DIRETOR DO COP RECEBE 18 INTERNOS \u00c0 NOITE DE UMA S\u00d3 VEZ E P\u00d5E EM RISCO A SEGURAN\u00c7A DOS SERVIDORES DA UNIDADE"},"content":{"rendered":"<p><img fetchpriority=\"high\" decoding=\"async\" class=\"alignnone size-medium wp-image-2835\" src=\"http:\/\/sinspeb.org.br\/wp-content\/uploads\/2021\/09\/IMG-20210905-WA00483-225x300.jpg\" alt=\"\" width=\"225\" height=\"300\" srcset=\"https:\/\/sinspeb.org.br\/wp-content\/uploads\/2021\/09\/IMG-20210905-WA00483-225x300.jpg 225w, https:\/\/sinspeb.org.br\/wp-content\/uploads\/2021\/09\/IMG-20210905-WA00483-768x1024.jpg 768w, https:\/\/sinspeb.org.br\/wp-content\/uploads\/2021\/09\/IMG-20210905-WA00483-1152x1536.jpg 1152w, https:\/\/sinspeb.org.br\/wp-content\/uploads\/2021\/09\/IMG-20210905-WA00483.jpg 1200w\" sizes=\"(max-width: 225px) 100vw, 225px\" \/><\/p>\n<p>Na \u00faltima sexta-feira (03.09.21), algo de muito estranho e perigoso aconteceu no Centro de Observa\u00e7\u00e3o Penal-COP. A equipe do Servi\u00e7o de Pol\u00edcia Interestadual-POLINTER se equivocou, e ao inv\u00e9s de levarem 03 (tr\u00eas) internos para serem recebidos no COP, levaram 18 (dezoito). Neste momento, a equipe da POLINTER foi informada pelo Coordenador de Seguran\u00e7a que a Unidade n\u00e3o dispunha de capacidade para receber esta quantidade de presos, pois possui um teto de internos que podem adentrar, e este teto j\u00e1 havia excedido.<\/p>\n<p>Por isso, foram recebidos apenas 4 (quatro) internos e dada a orienta\u00e7\u00e3o de que os demais deveriam voltar para a Unidade Policial de origem. Tudo aparentemente foi resolvido e entendido pela equipe da POLINTER, j\u00e1 que o erro de enviar tantos presos ao mesmo tempo tinha sido da Pol\u00edcia Civil.<\/p>\n<p><img decoding=\"async\" class=\"alignnone size-medium wp-image-2836\" src=\"http:\/\/sinspeb.org.br\/wp-content\/uploads\/2021\/09\/IMG-20210905-WA0047-225x300.jpg\" alt=\"\" width=\"225\" height=\"300\" srcset=\"https:\/\/sinspeb.org.br\/wp-content\/uploads\/2021\/09\/IMG-20210905-WA0047-225x300.jpg 225w, https:\/\/sinspeb.org.br\/wp-content\/uploads\/2021\/09\/IMG-20210905-WA0047-768x1024.jpg 768w, https:\/\/sinspeb.org.br\/wp-content\/uploads\/2021\/09\/IMG-20210905-WA0047-1152x1536.jpg 1152w, https:\/\/sinspeb.org.br\/wp-content\/uploads\/2021\/09\/IMG-20210905-WA0047.jpg 1200w\" sizes=\"(max-width: 225px) 100vw, 225px\" \/><\/p>\n<p>Todavia, ap\u00f3s \u00e0s 17h, j\u00e1 com o efetivo do COP reduzid\u00edssimo (pois os poucos Policiais Penais escalados para jornada de Servi\u00e7o Extraordin\u00e1rio e a equipe de Sa\u00fade j\u00e1 haviam deixado o Estabelecimento Prisional, pois trabalham em Hor\u00e1rio Administrativo), o Diretor da Unidade, Capit\u00e3o Al\u00e9rcio, contrariando os procedimentos operacionais publicados pela SGP\/SEAP, DETERMINOU DE FORMA IRRESPONS\u00c1VEL que todos os internos que foram levados pelo pessoal da POLINTER fossem recebidos a todo custo, inclusive afirmando que a autoriza\u00e7\u00e3o para receber os presos havia sido dada pelo Superintendente Senhor J\u00falio C\u00e9sar e pelo Coronel Senhor Paulo C\u00e9sar. Salientamos que o COP \u00e9 utilizado atualmente como Porta de Entrada de presos provenientes de Delegacias da Pol\u00edcia Civil.<\/p>\n<p>Vale destacar, que o citado Diretor ainda fez quest\u00e3o de dizer que o COP pertence a ele e que por esse motivo os Servidores devem fazer o que ele mandar. Essa postura arbitr\u00e1ria, irrespons\u00e1vel e desarrazoada do Sr. Al\u00e9rcio fragilizou muito a seguran\u00e7a do COP, sem contar que pode ter contribu\u00eddo para inserir v\u00e1rios problemas na Unidade, pois foram recepcionados presos hipertensos, diab\u00e9ticos, que n\u00e3o fizeram teste para detectar a COVID-19 e um que precisava realizar hemodi\u00e1lise todas as segundas, quartas e sextas.<\/p>\n<p><img decoding=\"async\" class=\"alignnone size-medium wp-image-2837\" src=\"http:\/\/sinspeb.org.br\/wp-content\/uploads\/2021\/09\/IMG-20210905-WA0046-225x300.jpg\" alt=\"\" width=\"225\" height=\"300\" srcset=\"https:\/\/sinspeb.org.br\/wp-content\/uploads\/2021\/09\/IMG-20210905-WA0046-225x300.jpg 225w, https:\/\/sinspeb.org.br\/wp-content\/uploads\/2021\/09\/IMG-20210905-WA0046-768x1024.jpg 768w, https:\/\/sinspeb.org.br\/wp-content\/uploads\/2021\/09\/IMG-20210905-WA0046-1152x1536.jpg 1152w, https:\/\/sinspeb.org.br\/wp-content\/uploads\/2021\/09\/IMG-20210905-WA0046.jpg 1200w\" sizes=\"(max-width: 225px) 100vw, 225px\" \/><\/p>\n<p>O recebimento dos presos s\u00f3 foi finalizado por volta das 22h30min, causando grande estresse \u00e0 equipe do COP e da POLINTER. Ressaltamos que fatos semelhantes a estes j\u00e1 ocorreram muitas vezes, pois o Diretor tem o costume de passar por cima das ordens do Gestor de vagas recebendo presos sem autoriza\u00e7\u00e3o, mesmo sendo informado das consequ\u00eancias. Contudo, desta vez ele ultrapassou todos os limites do bom senso.<\/p>\n<p>O que leva o Diretor de uma Unidade Prisional p\u00f4r em risco os Policiais Penais, a Unidade Prisional, o Complexo Penitenci\u00e1rio de Salvador e a Sociedade Soteropolitana em risco para atender ao pedido de um Delegado de Pol\u00edcia?<\/p>\n<p>GEST\u00c3O UFC \u2013 POR RESPEITO, LABOR DIGNO E RECONHECIMENTO CONSTITUCIONAL!<\/p>\n<p>ASCOM \u2013 SINSPPEB<\/p>\n","protected":false},"excerpt":{"rendered":"<p>Na \u00faltima sexta-feira (03.09.21), algo de muito estranho e perigoso aconteceu no Centro de Observa\u00e7\u00e3o Penal-COP. A equipe do Servi\u00e7o<\/p>\n","protected":false},"author":3,"featured_media":2838,"comment_status":"open","ping_status":"open","sticky":false,"template":"","format":"standard","meta":{"colormag_page_container_layout":"default_layout","colormag_page_sidebar_layout":"default_layout","footnotes":""},"categories":[45,1],"tags":[],"class_list":["post-2834","post","type-post","status-publish","format-standard","has-post-thumbnail","hentry","category-importante","category-noticias"],"_links":{"self":[{"href":"https:\/\/sinspeb.org.br\/index.php?rest_route=\/wp\/v2\/posts\/2834","targetHints":{"allow":["GET"]}}],"collection":[{"href":"https:\/\/sinspeb.org.br\/index.php?rest_route=\/wp\/v2\/posts"}],"about":[{"href":"https:\/\/sinspeb.org.br\/index.php?rest_route=\/wp\/v2\/types\/post"}],"author":[{"embeddable":true,"href":"https:\/\/sinspeb.org.br\/index.php?rest_route=\/wp\/v2\/users\/3"}],"replies":[{"embeddable":true,"href":"https:\/\/sinspeb.org.br\/index.php?rest_route=%2Fwp%2Fv2%2Fcomments&post=2834"}],"version-history":[{"count":1,"href":"https:\/\/sinspeb.org.br\/index.php?rest_route=\/wp\/v2\/posts\/2834\/revisions"}],"predecessor-version":[{"id":2839,"href":"https:\/\/sinspeb.org.br\/index.php?rest_route=\/wp\/v2\/posts\/2834\/revisions\/2839"}],"wp:featuredmedia":[{"embeddable":true,"href":"https:\/\/sinspeb.org.br\/index.php?rest_route=\/wp\/v2\/media\/2838"}],"wp:attachment":[{"href":"https:\/\/sinspeb.org.br\/index.php?rest_route=%2Fwp%2Fv2%2Fmedia&parent=2834"}],"wp:term":[{"taxonomy":"category","embeddable":true,"href":"https:\/\/sinspeb.org.br\/index.php?rest_route=%2Fwp%2Fv2%2Fcategories&post=2834"},{"taxonomy":"post_tag","embeddable":true,"href":"https:\/\/sinspeb.org.br\/index.php?rest_route=%2Fwp%2Fv2%2Ftags&post=2834"}],"curies":[{"name":"wp","href":"https:\/\/api.w.org\/{rel}","templated":true}]}}