{"id":2849,"date":"2021-09-14T14:47:38","date_gmt":"2021-09-14T17:47:38","guid":{"rendered":"http:\/\/sinspeb.org.br\/?p=2849"},"modified":"2021-09-14T14:47:38","modified_gmt":"2021-09-14T17:47:38","slug":"superintendente-de-gestao-prisional-proibe-acesso-dos-representantes-do-sinsppeb-ao-taf-dos-candidatos-a-policial-penal","status":"publish","type":"post","link":"https:\/\/sinspeb.org.br\/?p=2849","title":{"rendered":"SUPERINTENDENTE DE GEST\u00c3O PRISIONAL PRO\u00cdBE ACESSO DOS REPRESENTANTES DO SINSPPEB AO TAF DOS CANDIDATOS \u00c0 POLICIAL PENAL"},"content":{"rendered":"<p>Como j\u00e1 \u00e9 de conhecimento de todos(as), os Representantes do Sindicato dos Servidores da Pol\u00edcia Penal do Estado da Bahia-SINSPPEB, sempre comparecem ao Teste de Aptid\u00e3o F\u00edsica-TAF dos candidatos \u00e0 Pol\u00edcia Penal para levar apoio moral a estes Guerreiros e Guerreiras que esperaram e perseveraram at\u00e9 a chegada deste importante momento.<\/p>\n<p>No entanto, na manh\u00e3 de hoje (14.09.21), mesmo havendo solicita\u00e7\u00e3o para acesso ao local onde aconteceria o TAF por parte da Entidade Sindical atrav\u00e9s de of\u00edcio (n\u00ba 255), junto \u00e0 Sra. Ana Paula Pereira, que integra a Comiss\u00e3o de Concurso da Secretaria de Administra\u00e7\u00e3o Penitenci\u00e1ria e Ressocializa\u00e7\u00e3o do Estado da Bahia-SEAP\/BA, o Superintendente de Gest\u00e3o Prisional, Senhor J\u00falio C\u00e9sar proibiu o acesso dos Representantes do SINSPPEB, dentre eles, o Presidente Reivon Pimentel, ao local onde estava sendo realizado o TAF dos candidatos \u00e0 Policial Penal.<\/p>\n<p>Esta postura do Superintendente demonstra desrespeito, deseleg\u00e2ncia e autoritarismo para com a representa\u00e7\u00e3o dos Servidores da Pol\u00edcia Penal.<\/p>\n<p>Ressaltamos que, n\u00e3o compete ao citado Superintendente decidir sobre quest\u00f5es relacionadas ao concurso, uma vez que a Comiss\u00e3o do Concurso \u00e9 ligada a Diretoria Administrativa que por sua vez tem como respons\u00e1vel o Diretor Geral, Senhor Tarc\u00edsio Brand\u00e3o Malaquias, onde este responde diretamente ao Gabinete do Secret\u00e1rio da SEAP e n\u00e3o ao Superintendente de Gest\u00e3o Prisional.<\/p>\n<p>Desta forma, a Diretoria do SINSPPEB, vem a p\u00fablico repudiar veementemente a atitude peculiar, habitual e desagrad\u00e1vel do Sr. J\u00falio C\u00e9sar que neste dia impediu que os futuros colegas da Pol\u00edcia Penal recebessem o apoio que precisavam.<\/p>\n<p>GEST\u00c3O UFC \u2013 O RESPEITO S\u00d3 \u00c9 V\u00c1LIDO QUANDO \u00c9 M\u00daTUO!<\/p>\n<p>ASCOM &#8211; SINSPPEB<\/p>\n","protected":false},"excerpt":{"rendered":"<p>Como j\u00e1 \u00e9 de conhecimento de todos(as), os Representantes do Sindicato dos Servidores da Pol\u00edcia Penal do Estado da Bahia-SINSPPEB,<\/p>\n","protected":false},"author":3,"featured_media":2850,"comment_status":"open","ping_status":"open","sticky":false,"template":"","format":"standard","meta":{"colormag_page_container_layout":"default_layout","colormag_page_sidebar_layout":"default_layout","footnotes":""},"categories":[45,1],"tags":[],"class_list":["post-2849","post","type-post","status-publish","format-standard","has-post-thumbnail","hentry","category-importante","category-noticias"],"_links":{"self":[{"href":"https:\/\/sinspeb.org.br\/index.php?rest_route=\/wp\/v2\/posts\/2849","targetHints":{"allow":["GET"]}}],"collection":[{"href":"https:\/\/sinspeb.org.br\/index.php?rest_route=\/wp\/v2\/posts"}],"about":[{"href":"https:\/\/sinspeb.org.br\/index.php?rest_route=\/wp\/v2\/types\/post"}],"author":[{"embeddable":true,"href":"https:\/\/sinspeb.org.br\/index.php?rest_route=\/wp\/v2\/users\/3"}],"replies":[{"embeddable":true,"href":"https:\/\/sinspeb.org.br\/index.php?rest_route=%2Fwp%2Fv2%2Fcomments&post=2849"}],"version-history":[{"count":1,"href":"https:\/\/sinspeb.org.br\/index.php?rest_route=\/wp\/v2\/posts\/2849\/revisions"}],"predecessor-version":[{"id":2851,"href":"https:\/\/sinspeb.org.br\/index.php?rest_route=\/wp\/v2\/posts\/2849\/revisions\/2851"}],"wp:featuredmedia":[{"embeddable":true,"href":"https:\/\/sinspeb.org.br\/index.php?rest_route=\/wp\/v2\/media\/2850"}],"wp:attachment":[{"href":"https:\/\/sinspeb.org.br\/index.php?rest_route=%2Fwp%2Fv2%2Fmedia&parent=2849"}],"wp:term":[{"taxonomy":"category","embeddable":true,"href":"https:\/\/sinspeb.org.br\/index.php?rest_route=%2Fwp%2Fv2%2Fcategories&post=2849"},{"taxonomy":"post_tag","embeddable":true,"href":"https:\/\/sinspeb.org.br\/index.php?rest_route=%2Fwp%2Fv2%2Ftags&post=2849"}],"curies":[{"name":"wp","href":"https:\/\/api.w.org\/{rel}","templated":true}]}}