{"id":2852,"date":"2021-09-15T12:13:05","date_gmt":"2021-09-15T15:13:05","guid":{"rendered":"http:\/\/sinspeb.org.br\/?p=2852"},"modified":"2021-09-15T12:13:05","modified_gmt":"2021-09-15T15:13:05","slug":"durante-operacao-de-revista-geral-realizada-na-cpsf-policiais-penais-apreendem-varios-materiais-ilicitos","status":"publish","type":"post","link":"https:\/\/sinspeb.org.br\/?p=2852","title":{"rendered":"DURANTE OPERA\u00c7\u00c3O DE REVISTA GERAL REALIZADA NA CPSF, POLICIAIS PENAIS APREENDEM V\u00c1RIOS MATERIAIS IL\u00cdCITOS"},"content":{"rendered":"<p>Na \u00faltima sexta-feira (10.09.21), Policiais Penais da Col\u00f4nia Penal de Sim\u00f5es Filho-CPSF, durante opera\u00e7\u00e3o de revista geral (baculejo), apreenderam 45 (quarenta e cinco) telefones celulares, 22 (vinte e dois) carregadores para aparelhos eletr\u00f4nicos, 09 (nove) facas, dentre outros materiais il\u00edcitos.<\/p>\n<p><img fetchpriority=\"high\" decoding=\"async\" class=\"alignnone size-medium wp-image-2853\" src=\"http:\/\/sinspeb.org.br\/wp-content\/uploads\/2021\/09\/IMG-20210914-WA0012-300x225.jpg\" alt=\"\" width=\"300\" height=\"225\" srcset=\"https:\/\/sinspeb.org.br\/wp-content\/uploads\/2021\/09\/IMG-20210914-WA0012-300x225.jpg 300w, https:\/\/sinspeb.org.br\/wp-content\/uploads\/2021\/09\/IMG-20210914-WA0012-1024x768.jpg 1024w, https:\/\/sinspeb.org.br\/wp-content\/uploads\/2021\/09\/IMG-20210914-WA0012-768x576.jpg 768w, https:\/\/sinspeb.org.br\/wp-content\/uploads\/2021\/09\/IMG-20210914-WA0012-1536x1152.jpg 1536w, https:\/\/sinspeb.org.br\/wp-content\/uploads\/2021\/09\/IMG-20210914-WA0012.jpg 1600w\" sizes=\"(max-width: 300px) 100vw, 300px\" \/><\/p>\n<p>Todavia, fato curioso \u00e9 que a Secretaria de Administra\u00e7\u00e3o Penitenci\u00e1ria e Ressocializa\u00e7\u00e3o do Estado da Bahia-SEAP\/BA, n\u00e3o faz quest\u00e3o de dar a devida publicidade a este tipo de opera\u00e7\u00e3o realizada pelos seus pr\u00f3prios Policiais Penais. Por\u00e9m, em contrapartida, a Pol\u00edcia Militar envia rotineiramente nota \u00e0 imprensa, informando sobre a opera\u00e7\u00e3o, da qual prestaram apoio, causando por sua vez, a impress\u00e3o de que foram seus prepostos, os respons\u00e1veis pela exitosa revista geral, desmerecendo e injusti\u00e7ando desta forma, a participa\u00e7\u00e3o dos Policiais Penais.<\/p>\n<p><img decoding=\"async\" class=\"alignnone size-medium wp-image-2854\" src=\"http:\/\/sinspeb.org.br\/wp-content\/uploads\/2021\/09\/IMG-20210915-WA0027-300x169.jpg\" alt=\"\" width=\"300\" height=\"169\" srcset=\"https:\/\/sinspeb.org.br\/wp-content\/uploads\/2021\/09\/IMG-20210915-WA0027-300x169.jpg 300w, https:\/\/sinspeb.org.br\/wp-content\/uploads\/2021\/09\/IMG-20210915-WA0027-1024x576.jpg 1024w, https:\/\/sinspeb.org.br\/wp-content\/uploads\/2021\/09\/IMG-20210915-WA0027-768x432.jpg 768w, https:\/\/sinspeb.org.br\/wp-content\/uploads\/2021\/09\/IMG-20210915-WA0027-rotated.jpg 1280w\" sizes=\"(max-width: 300px) 100vw, 300px\" \/><\/p>\n<p>Devido aos recorrentes epis\u00f3dios desta natureza, a Diretoria do SINSPPEB tem orientado os Policiais Penais que se recusem a realizar qualquer opera\u00e7\u00e3o de revista que tenha a participa\u00e7\u00e3o da Pol\u00edcia Militar. Que n\u00e3o deixem de realizar a atividade, que \u00e9 importante para a seguran\u00e7a do Estabelecimento Penal, mas que fa\u00e7am com integrantes exclusivos do quadro de Policiais Penais, e mais, que exijam da Gest\u00e3o o registro em m\u00eddia de toda a opera\u00e7\u00e3o, e que a Gest\u00e3o das Unidades Prisionais passem a catalogar todos os materiais que s\u00e3o apreendidos nas opera\u00e7\u00f5es e no dia a dia, pois isso \u00e9 imprescind\u00edvel para demonstrar a efic\u00e1cia do trabalho desenvolvido.<\/p>\n<p>Salientamos que, os Policiais Penais que insistirem em fazer as revistas conjuntamente com a PM estar\u00e3o subsidiando dados como os demonstrados na imagem em anexo (Policiamento de Guarda), e que inclusive s\u00e3o esses dados que fazem com que os Policiais Militares lotados nos Pres\u00eddios recebam o Pr\u00eamio por desempenho de atividade Policial e os Policiais Penais n\u00e3o.<\/p>\n<p><img decoding=\"async\" class=\"alignnone size-medium wp-image-2855\" src=\"http:\/\/sinspeb.org.br\/wp-content\/uploads\/2021\/09\/IMG-20210914-WA00982-300x294.jpg\" alt=\"\" width=\"300\" height=\"294\" srcset=\"https:\/\/sinspeb.org.br\/wp-content\/uploads\/2021\/09\/IMG-20210914-WA00982-300x294.jpg 300w, https:\/\/sinspeb.org.br\/wp-content\/uploads\/2021\/09\/IMG-20210914-WA00982-768x752.jpg 768w, https:\/\/sinspeb.org.br\/wp-content\/uploads\/2021\/09\/IMG-20210914-WA00982.jpg 907w\" sizes=\"(max-width: 300px) 100vw, 300px\" \/><\/p>\n<p>Parabenizamos os Policiais Penais da CPSF que com responsabilidade, dedica\u00e7\u00e3o e coragem executaram com sucesso esta opera\u00e7\u00e3o!!! \ud83d\udc4f\ud83c\udffc\ud83d\udc4f\ud83c\udffc\ud83d\udc4f\ud83c\udffc<\/p>\n<p>GEST\u00c3O UFC \u2013 SEMPRE EM BUSCA DA VALORIZA\u00c7\u00c3O DA CATEGORIA!<\/p>\n<p>ASCOM &#8211; SINSPPEB<\/p>\n","protected":false},"excerpt":{"rendered":"<p>Na \u00faltima sexta-feira (10.09.21), Policiais Penais da Col\u00f4nia Penal de Sim\u00f5es Filho-CPSF, durante opera\u00e7\u00e3o de revista geral (baculejo), apreenderam 45<\/p>\n","protected":false},"author":3,"featured_media":2856,"comment_status":"open","ping_status":"open","sticky":false,"template":"","format":"standard","meta":{"colormag_page_container_layout":"default_layout","colormag_page_sidebar_layout":"default_layout","footnotes":""},"categories":[45,1],"tags":[],"class_list":["post-2852","post","type-post","status-publish","format-standard","has-post-thumbnail","hentry","category-importante","category-noticias"],"_links":{"self":[{"href":"https:\/\/sinspeb.org.br\/index.php?rest_route=\/wp\/v2\/posts\/2852","targetHints":{"allow":["GET"]}}],"collection":[{"href":"https:\/\/sinspeb.org.br\/index.php?rest_route=\/wp\/v2\/posts"}],"about":[{"href":"https:\/\/sinspeb.org.br\/index.php?rest_route=\/wp\/v2\/types\/post"}],"author":[{"embeddable":true,"href":"https:\/\/sinspeb.org.br\/index.php?rest_route=\/wp\/v2\/users\/3"}],"replies":[{"embeddable":true,"href":"https:\/\/sinspeb.org.br\/index.php?rest_route=%2Fwp%2Fv2%2Fcomments&post=2852"}],"version-history":[{"count":1,"href":"https:\/\/sinspeb.org.br\/index.php?rest_route=\/wp\/v2\/posts\/2852\/revisions"}],"predecessor-version":[{"id":2857,"href":"https:\/\/sinspeb.org.br\/index.php?rest_route=\/wp\/v2\/posts\/2852\/revisions\/2857"}],"wp:featuredmedia":[{"embeddable":true,"href":"https:\/\/sinspeb.org.br\/index.php?rest_route=\/wp\/v2\/media\/2856"}],"wp:attachment":[{"href":"https:\/\/sinspeb.org.br\/index.php?rest_route=%2Fwp%2Fv2%2Fmedia&parent=2852"}],"wp:term":[{"taxonomy":"category","embeddable":true,"href":"https:\/\/sinspeb.org.br\/index.php?rest_route=%2Fwp%2Fv2%2Fcategories&post=2852"},{"taxonomy":"post_tag","embeddable":true,"href":"https:\/\/sinspeb.org.br\/index.php?rest_route=%2Fwp%2Fv2%2Ftags&post=2852"}],"curies":[{"name":"wp","href":"https:\/\/api.w.org\/{rel}","templated":true}]}}