{"id":2858,"date":"2021-09-16T09:48:19","date_gmt":"2021-09-16T12:48:19","guid":{"rendered":"http:\/\/sinspeb.org.br\/?p=2858"},"modified":"2021-09-16T09:48:19","modified_gmt":"2021-09-16T12:48:19","slug":"equipe-da-policia-penal-participara-de-campeonato-de-integracao-das-forcas-de-seguranca-publica","status":"publish","type":"post","link":"https:\/\/sinspeb.org.br\/?p=2858","title":{"rendered":"EQUIPE DA POL\u00cdCIA PENAL PARTICIPAR\u00c1 DE CAMPEONATO DE INTEGRA\u00c7\u00c3O DAS FOR\u00c7AS DE SEGURAN\u00c7A P\u00daBLICA"},"content":{"rendered":"<p>Como informado anteriormente, no pr\u00f3ximo domingo (19.09.21), na Arena Champion do Shopping Bela Vista ocorrer\u00e1 o VI Campeonato de Integra\u00e7\u00e3o das For\u00e7as de Seguran\u00e7a P\u00fablica.<\/p>\n<p>Destacamos que a equipe da Pol\u00edcia Penal j\u00e1 confirmou presen\u00e7a.<\/p>\n<p><img fetchpriority=\"high\" decoding=\"async\" class=\"alignnone size-medium wp-image-2860\" src=\"http:\/\/sinspeb.org.br\/wp-content\/uploads\/2021\/09\/IMG_20210916_092528_127-300x300.jpg\" alt=\"\" width=\"300\" height=\"300\" srcset=\"https:\/\/sinspeb.org.br\/wp-content\/uploads\/2021\/09\/IMG_20210916_092528_127-300x300.jpg 300w, https:\/\/sinspeb.org.br\/wp-content\/uploads\/2021\/09\/IMG_20210916_092528_127-150x150.jpg 150w, https:\/\/sinspeb.org.br\/wp-content\/uploads\/2021\/09\/IMG_20210916_092528_127.jpg 696w\" sizes=\"(max-width: 300px) 100vw, 300px\" \/><\/p>\n<p>A abertura do evento acontecer\u00e1 \u00e0s 13h, por isso, por favor cheguem pelo menos com 1h de anteced\u00eancia, pois \u00e0s 13h ser\u00e1 realizada a Cerim\u00f4nia de abertura com a execu\u00e7\u00e3o do Hino Nacional e em seguida ocorrer\u00e1 a primeira partida. J\u00e1 \u00e0s 14h30min ser\u00e1 iniciada a segunda partida.<\/p>\n<p>GEST\u00c3O UFC &#8211; APOIANDO E FOMENTANDO A PARTICIPA\u00c7\u00c3O DOS SERVIDORES NA PR\u00c1TICA DE ESPORTES, PARA QUE TENHAM MAIOR QUALIDADE DE VIDA! \ud83e\udd1c\ud83c\udffc\ud83e\udd1b\ud83c\udffc \u26bd<\/p>\n<p>ASCOM &#8211; SINSPPEB<\/p>\n","protected":false},"excerpt":{"rendered":"<p>Como informado anteriormente, no pr\u00f3ximo domingo (19.09.21), na Arena Champion do Shopping Bela Vista ocorrer\u00e1 o VI Campeonato de Integra\u00e7\u00e3o<\/p>\n","protected":false},"author":3,"featured_media":2859,"comment_status":"open","ping_status":"open","sticky":false,"template":"","format":"standard","meta":{"colormag_page_container_layout":"default_layout","colormag_page_sidebar_layout":"default_layout","footnotes":""},"categories":[45,1],"tags":[],"class_list":["post-2858","post","type-post","status-publish","format-standard","has-post-thumbnail","hentry","category-importante","category-noticias"],"_links":{"self":[{"href":"https:\/\/sinspeb.org.br\/index.php?rest_route=\/wp\/v2\/posts\/2858","targetHints":{"allow":["GET"]}}],"collection":[{"href":"https:\/\/sinspeb.org.br\/index.php?rest_route=\/wp\/v2\/posts"}],"about":[{"href":"https:\/\/sinspeb.org.br\/index.php?rest_route=\/wp\/v2\/types\/post"}],"author":[{"embeddable":true,"href":"https:\/\/sinspeb.org.br\/index.php?rest_route=\/wp\/v2\/users\/3"}],"replies":[{"embeddable":true,"href":"https:\/\/sinspeb.org.br\/index.php?rest_route=%2Fwp%2Fv2%2Fcomments&post=2858"}],"version-history":[{"count":3,"href":"https:\/\/sinspeb.org.br\/index.php?rest_route=\/wp\/v2\/posts\/2858\/revisions"}],"predecessor-version":[{"id":2863,"href":"https:\/\/sinspeb.org.br\/index.php?rest_route=\/wp\/v2\/posts\/2858\/revisions\/2863"}],"wp:featuredmedia":[{"embeddable":true,"href":"https:\/\/sinspeb.org.br\/index.php?rest_route=\/wp\/v2\/media\/2859"}],"wp:attachment":[{"href":"https:\/\/sinspeb.org.br\/index.php?rest_route=%2Fwp%2Fv2%2Fmedia&parent=2858"}],"wp:term":[{"taxonomy":"category","embeddable":true,"href":"https:\/\/sinspeb.org.br\/index.php?rest_route=%2Fwp%2Fv2%2Fcategories&post=2858"},{"taxonomy":"post_tag","embeddable":true,"href":"https:\/\/sinspeb.org.br\/index.php?rest_route=%2Fwp%2Fv2%2Ftags&post=2858"}],"curies":[{"name":"wp","href":"https:\/\/api.w.org\/{rel}","templated":true}]}}