{"id":2864,"date":"2021-09-16T16:46:35","date_gmt":"2021-09-16T19:46:35","guid":{"rendered":"http:\/\/sinspeb.org.br\/?p=2864"},"modified":"2021-09-16T16:46:35","modified_gmt":"2021-09-16T19:46:35","slug":"deputada-alice-portugal-faz-convocacao-para-mobilizacao-contra-a-pec-32-2020","status":"publish","type":"post","link":"https:\/\/sinspeb.org.br\/?p=2864","title":{"rendered":"DEPUTADA ALICE PORTUGAL FAZ CONVOCA\u00c7\u00c3O PARA MOBILIZA\u00c7\u00c3O CONTRA A PEC 32\/2020"},"content":{"rendered":"<div style=\"width: 464px;\" class=\"wp-video\"><!--[if lt IE 9]><script>document.createElement('video');<\/script><![endif]-->\n<video class=\"wp-video-shortcode\" id=\"video-2864-1\" width=\"464\" height=\"848\" preload=\"metadata\" controls=\"controls\"><source type=\"video\/mp4\" src=\"http:\/\/sinspeb.org.br\/wp-content\/uploads\/2021\/09\/VID-20210916-WA0065.mp4?_=1\" \/><a href=\"http:\/\/sinspeb.org.br\/wp-content\/uploads\/2021\/09\/VID-20210916-WA0065.mp4\">http:\/\/sinspeb.org.br\/wp-content\/uploads\/2021\/09\/VID-20210916-WA0065.mp4<\/a><\/video><\/div>\n<p>A Deputada Federal Alice Portugal (PCdoB), que tamb\u00e9m \u00e9 Coordenadora da Frente Parlamentar em Defesa do Servi\u00e7o P\u00fablico, convoca os Servidores e toda a Sociedade para unirem for\u00e7as e requererem dos Deputados que votem contra a PEC 32\/2020 (Reforma Administrativa).<\/p>\n<p>A PEC da Reforma Administrativa se for aprovada acabar\u00e1 com o Servi\u00e7o P\u00fablico e trar\u00e1 grande dano n\u00e3o s\u00f3 ao Servidor, mas a toda Popula\u00e7\u00e3o Brasileira. N\u00e3o podemos deixar que isso aconte\u00e7a!<\/p>\n<p>\u2747\ufe0f Assistam ao v\u00eddeo acima!\u261d\ud83c\udffc<\/p>\n<p>GEST\u00c3O UFC &#8211; DIGA N\u00c3O \u00c0 PEC 32\/2020!<\/p>\n<p>ASCOM &#8211; SINSPPEB<\/p>\n","protected":false},"excerpt":{"rendered":"<p>A Deputada Federal Alice Portugal (PCdoB), que tamb\u00e9m \u00e9 Coordenadora da Frente Parlamentar em Defesa do Servi\u00e7o P\u00fablico, convoca os<\/p>\n","protected":false},"author":3,"featured_media":2866,"comment_status":"open","ping_status":"open","sticky":false,"template":"","format":"standard","meta":{"colormag_page_container_layout":"default_layout","colormag_page_sidebar_layout":"default_layout","footnotes":""},"categories":[45,1],"tags":[],"class_list":["post-2864","post","type-post","status-publish","format-standard","has-post-thumbnail","hentry","category-importante","category-noticias"],"_links":{"self":[{"href":"https:\/\/sinspeb.org.br\/index.php?rest_route=\/wp\/v2\/posts\/2864","targetHints":{"allow":["GET"]}}],"collection":[{"href":"https:\/\/sinspeb.org.br\/index.php?rest_route=\/wp\/v2\/posts"}],"about":[{"href":"https:\/\/sinspeb.org.br\/index.php?rest_route=\/wp\/v2\/types\/post"}],"author":[{"embeddable":true,"href":"https:\/\/sinspeb.org.br\/index.php?rest_route=\/wp\/v2\/users\/3"}],"replies":[{"embeddable":true,"href":"https:\/\/sinspeb.org.br\/index.php?rest_route=%2Fwp%2Fv2%2Fcomments&post=2864"}],"version-history":[{"count":1,"href":"https:\/\/sinspeb.org.br\/index.php?rest_route=\/wp\/v2\/posts\/2864\/revisions"}],"predecessor-version":[{"id":2867,"href":"https:\/\/sinspeb.org.br\/index.php?rest_route=\/wp\/v2\/posts\/2864\/revisions\/2867"}],"wp:featuredmedia":[{"embeddable":true,"href":"https:\/\/sinspeb.org.br\/index.php?rest_route=\/wp\/v2\/media\/2866"}],"wp:attachment":[{"href":"https:\/\/sinspeb.org.br\/index.php?rest_route=%2Fwp%2Fv2%2Fmedia&parent=2864"}],"wp:term":[{"taxonomy":"category","embeddable":true,"href":"https:\/\/sinspeb.org.br\/index.php?rest_route=%2Fwp%2Fv2%2Fcategories&post=2864"},{"taxonomy":"post_tag","embeddable":true,"href":"https:\/\/sinspeb.org.br\/index.php?rest_route=%2Fwp%2Fv2%2Ftags&post=2864"}],"curies":[{"name":"wp","href":"https:\/\/api.w.org\/{rel}","templated":true}]}}