{"id":2872,"date":"2021-09-20T17:27:29","date_gmt":"2021-09-20T20:27:29","guid":{"rendered":"http:\/\/sinspeb.org.br\/?p=2872"},"modified":"2021-09-20T17:30:52","modified_gmt":"2021-09-20T20:30:52","slug":"projeto-policia-penal-cidada-4","status":"publish","type":"post","link":"https:\/\/sinspeb.org.br\/?p=2872","title":{"rendered":"PROJETO POL\u00cdCIA PENAL CIDAD\u00c3"},"content":{"rendered":"<div style=\"width: 720px;\" class=\"wp-video\"><!--[if lt IE 9]><script>document.createElement('video');<\/script><![endif]-->\n<video class=\"wp-video-shortcode\" id=\"video-2872-1\" width=\"720\" height=\"480\" preload=\"metadata\" controls=\"controls\"><source type=\"video\/mp4\" src=\"http:\/\/sinspeb.org.br\/wp-content\/uploads\/2021\/09\/VID_57880702_013251_287.mp4?_=1\" \/><a href=\"http:\/\/sinspeb.org.br\/wp-content\/uploads\/2021\/09\/VID_57880702_013251_287.mp4\">http:\/\/sinspeb.org.br\/wp-content\/uploads\/2021\/09\/VID_57880702_013251_287.mp4<\/a><\/video><\/div>\n<p>O objetivo primordial deste Projeto \u00e9 mostrar para a sociedade que a Pol\u00edcia Penal \u00e9 uma Institui\u00e7\u00e3o que al\u00e9m de proporcionar Seguran\u00e7a, tamb\u00e9m cumpre o lado Social.<\/p>\n<p>\ud83e\ude78SERVIDOR(A) DA POL\u00cdCIA PENAL, FA\u00c7A COMO O DIRETOR JUR\u00cdDICO DO SINSPPEB, RAMON CARVALHAL, PROCURE UM HEMOCENTRO PARA CUMPRIR A SUA MISS\u00c3O SOCIAL! DOE PLAQUETAS, SANGUE E MEDULA.<\/p>\n<p>\ud83e\ude78NO ATO DA DOA\u00c7\u00c3O INFORME O C\u00d3DIGO: 0187 (C\u00f3digo da parceria do SINSPPEB com o HEMOBA)!<\/p>\n<p><img fetchpriority=\"high\" decoding=\"async\" class=\"alignnone size-medium wp-image-2879\" src=\"http:\/\/sinspeb.org.br\/wp-content\/uploads\/2021\/09\/IMG-20210920-WA0032-240x300.jpg\" alt=\"\" width=\"240\" height=\"300\" srcset=\"https:\/\/sinspeb.org.br\/wp-content\/uploads\/2021\/09\/IMG-20210920-WA0032-240x300.jpg 240w, https:\/\/sinspeb.org.br\/wp-content\/uploads\/2021\/09\/IMG-20210920-WA0032-819x1024.jpg 819w, https:\/\/sinspeb.org.br\/wp-content\/uploads\/2021\/09\/IMG-20210920-WA0032-768x960.jpg 768w, https:\/\/sinspeb.org.br\/wp-content\/uploads\/2021\/09\/IMG-20210920-WA0032.jpg 1024w\" sizes=\"(max-width: 240px) 100vw, 240px\" \/><\/p>\n<p>&nbsp;<\/p>\n<p>\ud83d\udea8 POL\u00cdCIA PENAL, APROVA\u00c7\u00c3O E REGULAMENTA\u00c7\u00c3O J\u00c1!<\/p>\n<p>ASCOM &#8211; SINSPPEB<\/p>\n","protected":false},"excerpt":{"rendered":"<p>O objetivo primordial deste Projeto \u00e9 mostrar para a sociedade que a Pol\u00edcia Penal \u00e9 uma Institui\u00e7\u00e3o que al\u00e9m de<\/p>\n","protected":false},"author":3,"featured_media":2876,"comment_status":"open","ping_status":"open","sticky":false,"template":"","format":"standard","meta":{"colormag_page_container_layout":"default_layout","colormag_page_sidebar_layout":"default_layout","footnotes":""},"categories":[45,1],"tags":[],"class_list":["post-2872","post","type-post","status-publish","format-standard","has-post-thumbnail","hentry","category-importante","category-noticias"],"_links":{"self":[{"href":"https:\/\/sinspeb.org.br\/index.php?rest_route=\/wp\/v2\/posts\/2872","targetHints":{"allow":["GET"]}}],"collection":[{"href":"https:\/\/sinspeb.org.br\/index.php?rest_route=\/wp\/v2\/posts"}],"about":[{"href":"https:\/\/sinspeb.org.br\/index.php?rest_route=\/wp\/v2\/types\/post"}],"author":[{"embeddable":true,"href":"https:\/\/sinspeb.org.br\/index.php?rest_route=\/wp\/v2\/users\/3"}],"replies":[{"embeddable":true,"href":"https:\/\/sinspeb.org.br\/index.php?rest_route=%2Fwp%2Fv2%2Fcomments&post=2872"}],"version-history":[{"count":3,"href":"https:\/\/sinspeb.org.br\/index.php?rest_route=\/wp\/v2\/posts\/2872\/revisions"}],"predecessor-version":[{"id":2878,"href":"https:\/\/sinspeb.org.br\/index.php?rest_route=\/wp\/v2\/posts\/2872\/revisions\/2878"}],"wp:featuredmedia":[{"embeddable":true,"href":"https:\/\/sinspeb.org.br\/index.php?rest_route=\/wp\/v2\/media\/2876"}],"wp:attachment":[{"href":"https:\/\/sinspeb.org.br\/index.php?rest_route=%2Fwp%2Fv2%2Fmedia&parent=2872"}],"wp:term":[{"taxonomy":"category","embeddable":true,"href":"https:\/\/sinspeb.org.br\/index.php?rest_route=%2Fwp%2Fv2%2Fcategories&post=2872"},{"taxonomy":"post_tag","embeddable":true,"href":"https:\/\/sinspeb.org.br\/index.php?rest_route=%2Fwp%2Fv2%2Ftags&post=2872"}],"curies":[{"name":"wp","href":"https:\/\/api.w.org\/{rel}","templated":true}]}}