{"id":2881,"date":"2021-09-21T17:54:46","date_gmt":"2021-09-21T20:54:46","guid":{"rendered":"http:\/\/sinspeb.org.br\/?p=2881"},"modified":"2021-09-21T17:56:03","modified_gmt":"2021-09-21T20:56:03","slug":"atuacao-dos-representantes-do-sinsppeb-junto-a-seap-resulta-em-publicacao-de-portaria-que-beneficiara-policiais-penais","status":"publish","type":"post","link":"https:\/\/sinspeb.org.br\/?p=2881","title":{"rendered":"ATUA\u00c7\u00c3O DOS REPRESENTANTES DO SINSPPEB JUNTO \u00c0 SEAP RESULTA EM PUBLICA\u00c7\u00c3O DE PORTARIA QUE BENEFICIAR\u00c1 POLICIAIS PENAIS"},"content":{"rendered":"<p><img fetchpriority=\"high\" decoding=\"async\" class=\"alignnone size-medium wp-image-2882\" src=\"http:\/\/sinspeb.org.br\/wp-content\/uploads\/2021\/09\/PORTARIA-no-2772-300x228.png\" alt=\"\" width=\"300\" height=\"228\" srcset=\"https:\/\/sinspeb.org.br\/wp-content\/uploads\/2021\/09\/PORTARIA-no-2772-300x228.png 300w, https:\/\/sinspeb.org.br\/wp-content\/uploads\/2021\/09\/PORTARIA-no-2772-1024x778.png 1024w, https:\/\/sinspeb.org.br\/wp-content\/uploads\/2021\/09\/PORTARIA-no-2772-768x583.png 768w, https:\/\/sinspeb.org.br\/wp-content\/uploads\/2021\/09\/PORTARIA-no-2772.png 1240w\" sizes=\"(max-width: 300px) 100vw, 300px\" \/><\/p>\n<p>No Di\u00e1rio Oficial de hoje (21.09), foi publicada a Portaria n\u00ba 277, informando a rela\u00e7\u00e3o definitiva dos Servidores que mudaram para a Classe II e III (Promo\u00e7\u00e3o), bem como, a abertura do Processo de Progress\u00e3o, ou seja, mudan\u00e7a de n\u00edvel.<\/p>\n<p>Salientamos, que tanto a mudan\u00e7a de Classe como a de N\u00edvel decorrem do intenso e incans\u00e1vel processo de atua\u00e7\u00e3o dos Representantes do SINSPPEB junto \u00e0 Secretaria de Administra\u00e7\u00e3o Penitenci\u00e1ria e Ressocializa\u00e7\u00e3o do Estado da Bahia-SEAP\/BA.<\/p>\n<p>Informamos que 50 (cinquenta) Policiais Penais ser\u00e3o beneficiados com a mudan\u00e7a de Classe e cerca de 700 (setecentos) ser\u00e3o beneficiados com a mudan\u00e7a de N\u00edvel.<\/p>\n<p>Vale destacar, que tamb\u00e9m j\u00e1 foi protocolado of\u00edcio junto \u00e0 Secretaria de Administra\u00e7\u00e3o do Estado da Bahia-SAEB, requerendo altera\u00e7\u00e3o na tabela de Progress\u00e3o da Carreira de Agente Penitenci\u00e1rio (Policial Penal), e em virtude disso, est\u00e3o sendo feitas as tratativas com vistas a ampliar o n\u00famero de classe e n\u00edveis com majora\u00e7\u00e3o nos percentuais intern\u00edveis, tanto para os colegas que est\u00e3o estagnadas na carreira, como tamb\u00e9m para os que ingressaram no sistema atrav\u00e9s dos concursos de 2010 e 2014.<\/p>\n<p>SINSPPEB \u2013 SINDICATO COMBATIVO E ATUANTE!<\/p>\n<p>ASCOM \u2013 SINSPPEB<\/p>\n","protected":false},"excerpt":{"rendered":"<p>No Di\u00e1rio Oficial de hoje (21.09), foi publicada a Portaria n\u00ba 277, informando a rela\u00e7\u00e3o definitiva dos Servidores que mudaram<\/p>\n","protected":false},"author":3,"featured_media":2844,"comment_status":"open","ping_status":"open","sticky":false,"template":"","format":"standard","meta":{"colormag_page_container_layout":"default_layout","colormag_page_sidebar_layout":"default_layout","footnotes":""},"categories":[45,1],"tags":[],"class_list":["post-2881","post","type-post","status-publish","format-standard","has-post-thumbnail","hentry","category-importante","category-noticias"],"_links":{"self":[{"href":"https:\/\/sinspeb.org.br\/index.php?rest_route=\/wp\/v2\/posts\/2881","targetHints":{"allow":["GET"]}}],"collection":[{"href":"https:\/\/sinspeb.org.br\/index.php?rest_route=\/wp\/v2\/posts"}],"about":[{"href":"https:\/\/sinspeb.org.br\/index.php?rest_route=\/wp\/v2\/types\/post"}],"author":[{"embeddable":true,"href":"https:\/\/sinspeb.org.br\/index.php?rest_route=\/wp\/v2\/users\/3"}],"replies":[{"embeddable":true,"href":"https:\/\/sinspeb.org.br\/index.php?rest_route=%2Fwp%2Fv2%2Fcomments&post=2881"}],"version-history":[{"count":3,"href":"https:\/\/sinspeb.org.br\/index.php?rest_route=\/wp\/v2\/posts\/2881\/revisions"}],"predecessor-version":[{"id":2886,"href":"https:\/\/sinspeb.org.br\/index.php?rest_route=\/wp\/v2\/posts\/2881\/revisions\/2886"}],"wp:featuredmedia":[{"embeddable":true,"href":"https:\/\/sinspeb.org.br\/index.php?rest_route=\/wp\/v2\/media\/2844"}],"wp:attachment":[{"href":"https:\/\/sinspeb.org.br\/index.php?rest_route=%2Fwp%2Fv2%2Fmedia&parent=2881"}],"wp:term":[{"taxonomy":"category","embeddable":true,"href":"https:\/\/sinspeb.org.br\/index.php?rest_route=%2Fwp%2Fv2%2Fcategories&post=2881"},{"taxonomy":"post_tag","embeddable":true,"href":"https:\/\/sinspeb.org.br\/index.php?rest_route=%2Fwp%2Fv2%2Ftags&post=2881"}],"curies":[{"name":"wp","href":"https:\/\/api.w.org\/{rel}","templated":true}]}}