{"id":2898,"date":"2021-09-24T15:04:33","date_gmt":"2021-09-24T18:04:33","guid":{"rendered":"http:\/\/sinspeb.org.br\/?p=2898"},"modified":"2021-09-24T15:04:33","modified_gmt":"2021-09-24T18:04:33","slug":"presidente-do-sinsppeb-participa-de-reuniao-com-a-diretoria-executiva-da-ncst-ba","status":"publish","type":"post","link":"https:\/\/sinspeb.org.br\/?p=2898","title":{"rendered":"PRESIDENTE DO SINSPPEB PARTICIPA DE REUNI\u00c3O COM A DIRETORIA EXECUTIVA DA NCST\/BA"},"content":{"rendered":"<p><img fetchpriority=\"high\" decoding=\"async\" class=\"alignnone size-medium wp-image-2900\" src=\"http:\/\/sinspeb.org.br\/wp-content\/uploads\/2021\/09\/IMG-20210923-WA0074-300x225.jpg\" alt=\"\" width=\"300\" height=\"225\" \/><\/p>\n<p>Na data de ontem (23.09.21), o Presidente do SINSPPEB, Reivon Pimentel, participou da reuni\u00e3o da Diretoria Executiva da Nova Central Sindical de Trabalhadores-NCST\/BA, que foi realizada \u00e0s 10h na cidade de Feira de Santana no Sindicato de Hot\u00e9is.<\/p>\n<p>Na ocasi\u00e3o foram discutidas quest\u00f5es a respeito do atual cen\u00e1rio Pol\u00edtico-Sindical, bem como, sobre a PEC 32\/2020 (Reforma Administrativa), al\u00e9m de destacadas as atividades da NCST\/BA durante a pandemia e abordado o tema que est\u00e1 atualmente em voga que \u00e9 a Lei Geral de Prote\u00e7\u00e3o de Dados Pessoais-LGPD.<\/p>\n<p>De forma resumida, a Lei n\u00b0 13.709 de 14 de agosto de 2018, mais conhecida como LGPD, disp\u00f5e sobre o tratamento de dados pessoais, inclusive nos meios digitais, por pessoa natural ou por pessoa jur\u00eddica de direito p\u00fablico ou privado, com o objetivo de proteger os direitos fundamentais de liberdade e de privacidade e o livre desenvolvimento da personalidade da pessoa natural.<\/p>\n<p>Ressaltamos que o Presidente do SINSPPEB, tamb\u00e9m \u00e9 um dos Diretores da NCST\/BA.<\/p>\n<p>ASCOM &#8211; SINSPPEB<\/p>\n","protected":false},"excerpt":{"rendered":"<p>Na data de ontem (23.09.21), o Presidente do SINSPPEB, Reivon Pimentel, participou da reuni\u00e3o da Diretoria Executiva da Nova Central<\/p>\n","protected":false},"author":3,"featured_media":2901,"comment_status":"open","ping_status":"open","sticky":false,"template":"","format":"standard","meta":{"colormag_page_container_layout":"default_layout","colormag_page_sidebar_layout":"default_layout","footnotes":""},"categories":[45,1],"tags":[],"class_list":["post-2898","post","type-post","status-publish","format-standard","has-post-thumbnail","hentry","category-importante","category-noticias"],"_links":{"self":[{"href":"https:\/\/sinspeb.org.br\/index.php?rest_route=\/wp\/v2\/posts\/2898","targetHints":{"allow":["GET"]}}],"collection":[{"href":"https:\/\/sinspeb.org.br\/index.php?rest_route=\/wp\/v2\/posts"}],"about":[{"href":"https:\/\/sinspeb.org.br\/index.php?rest_route=\/wp\/v2\/types\/post"}],"author":[{"embeddable":true,"href":"https:\/\/sinspeb.org.br\/index.php?rest_route=\/wp\/v2\/users\/3"}],"replies":[{"embeddable":true,"href":"https:\/\/sinspeb.org.br\/index.php?rest_route=%2Fwp%2Fv2%2Fcomments&post=2898"}],"version-history":[{"count":1,"href":"https:\/\/sinspeb.org.br\/index.php?rest_route=\/wp\/v2\/posts\/2898\/revisions"}],"predecessor-version":[{"id":2902,"href":"https:\/\/sinspeb.org.br\/index.php?rest_route=\/wp\/v2\/posts\/2898\/revisions\/2902"}],"wp:featuredmedia":[{"embeddable":true,"href":"https:\/\/sinspeb.org.br\/index.php?rest_route=\/wp\/v2\/media\/2901"}],"wp:attachment":[{"href":"https:\/\/sinspeb.org.br\/index.php?rest_route=%2Fwp%2Fv2%2Fmedia&parent=2898"}],"wp:term":[{"taxonomy":"category","embeddable":true,"href":"https:\/\/sinspeb.org.br\/index.php?rest_route=%2Fwp%2Fv2%2Fcategories&post=2898"},{"taxonomy":"post_tag","embeddable":true,"href":"https:\/\/sinspeb.org.br\/index.php?rest_route=%2Fwp%2Fv2%2Ftags&post=2898"}],"curies":[{"name":"wp","href":"https:\/\/api.w.org\/{rel}","templated":true}]}}