{"id":2912,"date":"2021-09-29T18:43:17","date_gmt":"2021-09-29T21:43:17","guid":{"rendered":"http:\/\/sinspeb.org.br\/?p=2912"},"modified":"2021-09-29T20:30:19","modified_gmt":"2021-09-29T23:30:19","slug":"homenagem-da-gestao-ufc-do-sinsppeb-a-todosas-policiais-penais-do-maranhao","status":"publish","type":"post","link":"https:\/\/sinspeb.org.br\/?p=2912","title":{"rendered":"HOMENAGEM DA GEST\u00c3O UFC DO SINSPPEB A TODOS(AS) POLICIAIS PENAIS DO MARANH\u00c3O"},"content":{"rendered":"<div style=\"width: 720px;\" class=\"wp-video\"><!--[if lt IE 9]><script>document.createElement('video');<\/script><![endif]-->\n<video class=\"wp-video-shortcode\" id=\"video-2912-1\" width=\"720\" height=\"480\" preload=\"metadata\" controls=\"controls\"><source type=\"video\/mp4\" src=\"http:\/\/sinspeb.org.br\/wp-content\/uploads\/2021\/09\/20210929_1147502.mp4?_=1\" \/><a href=\"http:\/\/sinspeb.org.br\/wp-content\/uploads\/2021\/09\/20210929_1147502.mp4\">http:\/\/sinspeb.org.br\/wp-content\/uploads\/2021\/09\/20210929_1147502.mp4<\/a><\/video><\/div>\n<p>O Presidente do Sindicato dos Servidores da Pol\u00edcia Penal do Estado da Bahia-SINSPPEB, Reivon Pimentel em nome da Gestao UFC e de todos os Policiais Penais baianos, parabeniza a todos(as) Policiais Penais do Sistema Prisional do Estado do Maranh\u00e3o que cumprem com profissionalismo e bravura sua miss\u00e3o di\u00e1ria.<\/p>\n<p>\u00c9 not\u00f3rio que os Policiais Penais realizam um servi\u00e7o essencial e de grande relev\u00e2ncia para o Sistema de Defesa Social do Estado.<\/p>\n<p>Por isso, parab\u00e9ns Guerreiros e Guerreiras do Maranh\u00e3o por este um ano de Regulamenta\u00e7\u00e3o da Pol\u00edcia Penal! \ud83d\udc4f\ud83c\udffc\ud83d\udc4f\ud83c\udffc\ud83d\udc4f\ud83c\udffc\ud83d\udc4f\ud83c\udffc\ud83d\udc4f\ud83c\udffc\ud83d\udc4f\ud83c\udffc<\/p>\n<p>\u2747\ufe0f Assistam ao v\u00eddeo acima!\u261d\ud83c\udffc<\/p>\n<p>ASCOM &#8211; SINSPPEB<\/p>\n","protected":false},"excerpt":{"rendered":"<p>O Presidente do Sindicato dos Servidores da Pol\u00edcia Penal do Estado da Bahia-SINSPPEB, Reivon Pimentel em nome da Gestao UFC<\/p>\n","protected":false},"author":3,"featured_media":2919,"comment_status":"open","ping_status":"open","sticky":false,"template":"","format":"standard","meta":{"colormag_page_container_layout":"default_layout","colormag_page_sidebar_layout":"default_layout","footnotes":""},"categories":[45,1],"tags":[],"class_list":["post-2912","post","type-post","status-publish","format-standard","has-post-thumbnail","hentry","category-importante","category-noticias"],"_links":{"self":[{"href":"https:\/\/sinspeb.org.br\/index.php?rest_route=\/wp\/v2\/posts\/2912","targetHints":{"allow":["GET"]}}],"collection":[{"href":"https:\/\/sinspeb.org.br\/index.php?rest_route=\/wp\/v2\/posts"}],"about":[{"href":"https:\/\/sinspeb.org.br\/index.php?rest_route=\/wp\/v2\/types\/post"}],"author":[{"embeddable":true,"href":"https:\/\/sinspeb.org.br\/index.php?rest_route=\/wp\/v2\/users\/3"}],"replies":[{"embeddable":true,"href":"https:\/\/sinspeb.org.br\/index.php?rest_route=%2Fwp%2Fv2%2Fcomments&post=2912"}],"version-history":[{"count":3,"href":"https:\/\/sinspeb.org.br\/index.php?rest_route=\/wp\/v2\/posts\/2912\/revisions"}],"predecessor-version":[{"id":2921,"href":"https:\/\/sinspeb.org.br\/index.php?rest_route=\/wp\/v2\/posts\/2912\/revisions\/2921"}],"wp:featuredmedia":[{"embeddable":true,"href":"https:\/\/sinspeb.org.br\/index.php?rest_route=\/wp\/v2\/media\/2919"}],"wp:attachment":[{"href":"https:\/\/sinspeb.org.br\/index.php?rest_route=%2Fwp%2Fv2%2Fmedia&parent=2912"}],"wp:term":[{"taxonomy":"category","embeddable":true,"href":"https:\/\/sinspeb.org.br\/index.php?rest_route=%2Fwp%2Fv2%2Fcategories&post=2912"},{"taxonomy":"post_tag","embeddable":true,"href":"https:\/\/sinspeb.org.br\/index.php?rest_route=%2Fwp%2Fv2%2Ftags&post=2912"}],"curies":[{"name":"wp","href":"https:\/\/api.w.org\/{rel}","templated":true}]}}