{"id":2928,"date":"2021-09-30T13:58:23","date_gmt":"2021-09-30T16:58:23","guid":{"rendered":"http:\/\/sinspeb.org.br\/?p=2928"},"modified":"2021-09-30T13:58:23","modified_gmt":"2021-09-30T16:58:23","slug":"nota-fenasppen","status":"publish","type":"post","link":"https:\/\/sinspeb.org.br\/?p=2928","title":{"rendered":"NOTA FENASPPEN"},"content":{"rendered":"<p>FENASPPEN e entidades representativas dos Policiais Civis reuniram-se nesta quarta-feira (29) com o presidente da Comiss\u00e3o de Seguran\u00e7a P\u00fablica e Combate ao Crime Organizado da C\u00e2mara, deputado Emanuel Pinheiro Neto, e firmaram, atrav\u00e9s de manifesto p\u00fablico, um compromisso de lutar pela rejei\u00e7\u00e3o da PEC 32\/2020 (reforma administrativa).<\/p>\n<p>Acompanhe a mat\u00e9ria na \u00edntegra pelo link abaixo: \ud83d\udc47\ud83c\udffc<\/p>\n<p>https:\/\/www.facebook.com\/781421121978608\/posts\/4378957402224944\/?sfnsn=wiwspmo<\/p>\n<p>Comunica\u00e7\u00e3o FENASPPEN<br \/>\nASCOM &#8211; SINSPPEB<\/p>\n","protected":false},"excerpt":{"rendered":"<p>FENASPPEN e entidades representativas dos Policiais Civis reuniram-se nesta quarta-feira (29) com o presidente da Comiss\u00e3o de Seguran\u00e7a P\u00fablica e<\/p>\n","protected":false},"author":3,"featured_media":2844,"comment_status":"open","ping_status":"open","sticky":false,"template":"","format":"standard","meta":{"colormag_page_container_layout":"default_layout","colormag_page_sidebar_layout":"default_layout","footnotes":""},"categories":[45,1],"tags":[],"class_list":["post-2928","post","type-post","status-publish","format-standard","has-post-thumbnail","hentry","category-importante","category-noticias"],"_links":{"self":[{"href":"https:\/\/sinspeb.org.br\/index.php?rest_route=\/wp\/v2\/posts\/2928","targetHints":{"allow":["GET"]}}],"collection":[{"href":"https:\/\/sinspeb.org.br\/index.php?rest_route=\/wp\/v2\/posts"}],"about":[{"href":"https:\/\/sinspeb.org.br\/index.php?rest_route=\/wp\/v2\/types\/post"}],"author":[{"embeddable":true,"href":"https:\/\/sinspeb.org.br\/index.php?rest_route=\/wp\/v2\/users\/3"}],"replies":[{"embeddable":true,"href":"https:\/\/sinspeb.org.br\/index.php?rest_route=%2Fwp%2Fv2%2Fcomments&post=2928"}],"version-history":[{"count":1,"href":"https:\/\/sinspeb.org.br\/index.php?rest_route=\/wp\/v2\/posts\/2928\/revisions"}],"predecessor-version":[{"id":2929,"href":"https:\/\/sinspeb.org.br\/index.php?rest_route=\/wp\/v2\/posts\/2928\/revisions\/2929"}],"wp:featuredmedia":[{"embeddable":true,"href":"https:\/\/sinspeb.org.br\/index.php?rest_route=\/wp\/v2\/media\/2844"}],"wp:attachment":[{"href":"https:\/\/sinspeb.org.br\/index.php?rest_route=%2Fwp%2Fv2%2Fmedia&parent=2928"}],"wp:term":[{"taxonomy":"category","embeddable":true,"href":"https:\/\/sinspeb.org.br\/index.php?rest_route=%2Fwp%2Fv2%2Fcategories&post=2928"},{"taxonomy":"post_tag","embeddable":true,"href":"https:\/\/sinspeb.org.br\/index.php?rest_route=%2Fwp%2Fv2%2Ftags&post=2928"}],"curies":[{"name":"wp","href":"https:\/\/api.w.org\/{rel}","templated":true}]}}