{"id":2934,"date":"2021-10-01T18:38:28","date_gmt":"2021-10-01T21:38:28","guid":{"rendered":"http:\/\/sinspeb.org.br\/?p=2934"},"modified":"2021-10-01T18:38:28","modified_gmt":"2021-10-01T21:38:28","slug":"representantes-do-sinsppeb-se-reunem-com-deputados-para-tratar-da-pec-160-2020","status":"publish","type":"post","link":"https:\/\/sinspeb.org.br\/?p=2934","title":{"rendered":"REPRESENTANTES DO SINSPPEB SE RE\u00daNEM COM DEPUTADOS PARA TRATAR DA PEC 160\/2020"},"content":{"rendered":"<p>Na tarde de ontem (30.09.21), os Representantes do SINSPPEB, Reivon, Fernando e Ramon se reuniram com o Deputado Estadual Marcelino Galo (PT) e tamb\u00e9m com a Deputada Estadual Maria del Carmen (PT) na Assembleia Legislativa do Estado da Bahia-ALBA para tratar exclusivamente acerca da PEC 160\/2020 (PEC da Pol\u00edcia Penal).<\/p>\n<p><img fetchpriority=\"high\" decoding=\"async\" class=\"alignnone size-medium wp-image-2937\" src=\"http:\/\/sinspeb.org.br\/wp-content\/uploads\/2021\/10\/IMG-20211001-WA0077-300x225.jpg\" alt=\"\" width=\"300\" height=\"225\" srcset=\"https:\/\/sinspeb.org.br\/wp-content\/uploads\/2021\/10\/IMG-20211001-WA0077-300x225.jpg 300w, https:\/\/sinspeb.org.br\/wp-content\/uploads\/2021\/10\/IMG-20211001-WA0077-1024x768.jpg 1024w, https:\/\/sinspeb.org.br\/wp-content\/uploads\/2021\/10\/IMG-20211001-WA0077-768x576.jpg 768w, https:\/\/sinspeb.org.br\/wp-content\/uploads\/2021\/10\/IMG-20211001-WA0077-1536x1152.jpg 1536w, https:\/\/sinspeb.org.br\/wp-content\/uploads\/2021\/10\/IMG-20211001-WA0077.jpg 1600w\" sizes=\"(max-width: 300px) 100vw, 300px\" \/><\/p>\n<p>&nbsp;<\/p>\n<p>Durante a reuni\u00e3o, ambos os Parlamentares concordaram que h\u00e1 necessidade urgente de aprova\u00e7\u00e3o da PEC 160\/2020 e se comprometeram em marcar audi\u00eancia com o Dr. Carlos Palma de Mello que \u00e9 Secret\u00e1rio da Casa Civil, para saber qual o posicionamento do Governo em rela\u00e7\u00e3o a mat\u00e9ria.<\/p>\n<p>Na oportunidade, o Presidente do SINSPPEB, Reivon Pimentel entregou nas m\u00e3os da Assessoria da Deputada Maria del Carmen, bem como, nas m\u00e3os dos Assessores Jur\u00eddicos do Presidente da CCJ, M\u00e1rio e Lorena Scaldaferri, um relat\u00f3rio minuncioso da evolu\u00e7\u00e3o da Pol\u00edcia Penal no Brasil.<\/p>\n<p><img decoding=\"async\" class=\"alignnone size-medium wp-image-2938\" src=\"http:\/\/sinspeb.org.br\/wp-content\/uploads\/2021\/10\/IMG-20211001-WA0086-300x225.jpg\" alt=\"\" width=\"300\" height=\"225\" srcset=\"https:\/\/sinspeb.org.br\/wp-content\/uploads\/2021\/10\/IMG-20211001-WA0086-300x225.jpg 300w, https:\/\/sinspeb.org.br\/wp-content\/uploads\/2021\/10\/IMG-20211001-WA0086-1024x768.jpg 1024w, https:\/\/sinspeb.org.br\/wp-content\/uploads\/2021\/10\/IMG-20211001-WA0086-768x576.jpg 768w, https:\/\/sinspeb.org.br\/wp-content\/uploads\/2021\/10\/IMG-20211001-WA0086-1536x1152.jpg 1536w, https:\/\/sinspeb.org.br\/wp-content\/uploads\/2021\/10\/IMG-20211001-WA0086.jpg 1600w\" sizes=\"(max-width: 300px) 100vw, 300px\" \/><\/p>\n<p>A Diretoria do SINSPPEB estar\u00e1 acompanhando e cobrando dos Deputados celeridade na marca\u00e7\u00e3o desta audi\u00eancia que \u00e9 de suma import\u00e2ncia para a aprova\u00e7\u00e3o da PEC da Pol\u00edcia Penal.<\/p>\n<p>Tamb\u00e9m participou da mencionada reuni\u00e3o, o Superintendente de Ressocializa\u00e7\u00e3o Sustent\u00e1vel, Lu\u00eds Ant\u00f4nio Nascimento Fonseca.<\/p>\n<p>&nbsp;<\/p>\n<p>GEST\u00c3O UFC &#8211; RUMO \u00c0 APROVA\u00c7\u00c3O DA PEC 160\/2020!<\/p>\n<p>ASCOM &#8211; SINSPPEB<\/p>\n","protected":false},"excerpt":{"rendered":"<p>Na tarde de ontem (30.09.21), os Representantes do SINSPPEB, Reivon, Fernando e Ramon se reuniram com o Deputado Estadual Marcelino<\/p>\n","protected":false},"author":3,"featured_media":2939,"comment_status":"open","ping_status":"open","sticky":false,"template":"","format":"standard","meta":{"colormag_page_container_layout":"default_layout","colormag_page_sidebar_layout":"default_layout","footnotes":""},"categories":[45,1],"tags":[],"class_list":["post-2934","post","type-post","status-publish","format-standard","has-post-thumbnail","hentry","category-importante","category-noticias"],"_links":{"self":[{"href":"https:\/\/sinspeb.org.br\/index.php?rest_route=\/wp\/v2\/posts\/2934","targetHints":{"allow":["GET"]}}],"collection":[{"href":"https:\/\/sinspeb.org.br\/index.php?rest_route=\/wp\/v2\/posts"}],"about":[{"href":"https:\/\/sinspeb.org.br\/index.php?rest_route=\/wp\/v2\/types\/post"}],"author":[{"embeddable":true,"href":"https:\/\/sinspeb.org.br\/index.php?rest_route=\/wp\/v2\/users\/3"}],"replies":[{"embeddable":true,"href":"https:\/\/sinspeb.org.br\/index.php?rest_route=%2Fwp%2Fv2%2Fcomments&post=2934"}],"version-history":[{"count":1,"href":"https:\/\/sinspeb.org.br\/index.php?rest_route=\/wp\/v2\/posts\/2934\/revisions"}],"predecessor-version":[{"id":2940,"href":"https:\/\/sinspeb.org.br\/index.php?rest_route=\/wp\/v2\/posts\/2934\/revisions\/2940"}],"wp:featuredmedia":[{"embeddable":true,"href":"https:\/\/sinspeb.org.br\/index.php?rest_route=\/wp\/v2\/media\/2939"}],"wp:attachment":[{"href":"https:\/\/sinspeb.org.br\/index.php?rest_route=%2Fwp%2Fv2%2Fmedia&parent=2934"}],"wp:term":[{"taxonomy":"category","embeddable":true,"href":"https:\/\/sinspeb.org.br\/index.php?rest_route=%2Fwp%2Fv2%2Fcategories&post=2934"},{"taxonomy":"post_tag","embeddable":true,"href":"https:\/\/sinspeb.org.br\/index.php?rest_route=%2Fwp%2Fv2%2Ftags&post=2934"}],"curies":[{"name":"wp","href":"https:\/\/api.w.org\/{rel}","templated":true}]}}