{"id":2967,"date":"2021-10-04T18:48:01","date_gmt":"2021-10-04T21:48:01","guid":{"rendered":"http:\/\/sinspeb.org.br\/?p=2967"},"modified":"2021-10-04T18:48:01","modified_gmt":"2021-10-04T21:48:01","slug":"servidores-da-cpsf-cumprem-com-exito-esquema-vacinal-dos-internos-contra-a-covid-19","status":"publish","type":"post","link":"https:\/\/sinspeb.org.br\/?p=2967","title":{"rendered":"SERVIDORES DA CPSF CUMPREM COM \u00caXITO ESQUEMA VACINAL DOS INTERNOS CONTRA A COVID-19"},"content":{"rendered":"<p>O Presidente do Sindicato dos Servidores da Pol\u00edcia Penal do Estado da Bahia-SINSPPEB, Reivon Pimentel e toda Gest\u00e3o Uni\u00e3o, For\u00e7a e Conquistas-UFC agradecem \u00e0 Promotoria de Justi\u00e7a de Sim\u00f5es Filho, na pessoa do Dr. Jader Santos Alves pelos elogios e reconhecimento dados aos Servidores da Col\u00f4nia Penal de Sim\u00f5es Filho-CPSF, em raz\u00e3o dos esfor\u00e7os empreendidos para a vacina\u00e7\u00e3o em massa de quase todos os internos contra a COVID-19.<\/p>\n<p><img fetchpriority=\"high\" decoding=\"async\" class=\"alignnone size-medium wp-image-2968\" src=\"http:\/\/sinspeb.org.br\/wp-content\/uploads\/2021\/10\/IMG-20211001-WA0124-169x300.jpg\" alt=\"\" width=\"169\" height=\"300\" srcset=\"https:\/\/sinspeb.org.br\/wp-content\/uploads\/2021\/10\/IMG-20211001-WA0124-169x300.jpg 169w, https:\/\/sinspeb.org.br\/wp-content\/uploads\/2021\/10\/IMG-20211001-WA0124-576x1024.jpg 576w, https:\/\/sinspeb.org.br\/wp-content\/uploads\/2021\/10\/IMG-20211001-WA0124-768x1365.jpg 768w, https:\/\/sinspeb.org.br\/wp-content\/uploads\/2021\/10\/IMG-20211001-WA0124-864x1536.jpg 864w, https:\/\/sinspeb.org.br\/wp-content\/uploads\/2021\/10\/IMG-20211001-WA0124.jpg 900w\" sizes=\"(max-width: 169px) 100vw, 169px\" \/><\/p>\n<p>Nesta oportunidade, registramos aqui nossos parab\u00e9ns, tanto ao Diretor e Policial Penal Marcelo Jorge Gomes da Silveira, como tamb\u00e9m a todos os Servidores e Servidoras da CPSF que com afinco e responsabilidade procuraram seguir o esquema vacinal dos internos e cumpriram com \u00eaxito a miss\u00e3o que lhes fora dada em meio ao cen\u00e1rio pand\u00eamico no qual vivemos. Voc\u00eas servem de exemplo para nossa Categoria!\ud83d\udc4f\ud83c\udffc\ud83d\udc4f\ud83c\udffc\ud83d\udc4f\ud83c\udffc\ud83d\udc4f\ud83c\udffc\ud83d\udc4f\ud83c\udffc\ud83d\udc4f\ud83c\udffc\ud83d\udc4f\ud83c\udffc\ud83d\udc4f\ud83c\udffc\ud83d\udc4f\ud83c\udffc\ud83d\udc4f\ud83c\udffc<\/p>\n<p>ASCOM &#8211; SINSPPEB<\/p>\n<p>&nbsp;<\/p>\n","protected":false},"excerpt":{"rendered":"<p>O Presidente do Sindicato dos Servidores da Pol\u00edcia Penal do Estado da Bahia-SINSPPEB, Reivon Pimentel e toda Gest\u00e3o Uni\u00e3o, For\u00e7a<\/p>\n","protected":false},"author":3,"featured_media":2844,"comment_status":"open","ping_status":"open","sticky":false,"template":"","format":"standard","meta":{"colormag_page_container_layout":"default_layout","colormag_page_sidebar_layout":"default_layout","footnotes":""},"categories":[45,1],"tags":[],"class_list":["post-2967","post","type-post","status-publish","format-standard","has-post-thumbnail","hentry","category-importante","category-noticias"],"_links":{"self":[{"href":"https:\/\/sinspeb.org.br\/index.php?rest_route=\/wp\/v2\/posts\/2967","targetHints":{"allow":["GET"]}}],"collection":[{"href":"https:\/\/sinspeb.org.br\/index.php?rest_route=\/wp\/v2\/posts"}],"about":[{"href":"https:\/\/sinspeb.org.br\/index.php?rest_route=\/wp\/v2\/types\/post"}],"author":[{"embeddable":true,"href":"https:\/\/sinspeb.org.br\/index.php?rest_route=\/wp\/v2\/users\/3"}],"replies":[{"embeddable":true,"href":"https:\/\/sinspeb.org.br\/index.php?rest_route=%2Fwp%2Fv2%2Fcomments&post=2967"}],"version-history":[{"count":1,"href":"https:\/\/sinspeb.org.br\/index.php?rest_route=\/wp\/v2\/posts\/2967\/revisions"}],"predecessor-version":[{"id":2969,"href":"https:\/\/sinspeb.org.br\/index.php?rest_route=\/wp\/v2\/posts\/2967\/revisions\/2969"}],"wp:featuredmedia":[{"embeddable":true,"href":"https:\/\/sinspeb.org.br\/index.php?rest_route=\/wp\/v2\/media\/2844"}],"wp:attachment":[{"href":"https:\/\/sinspeb.org.br\/index.php?rest_route=%2Fwp%2Fv2%2Fmedia&parent=2967"}],"wp:term":[{"taxonomy":"category","embeddable":true,"href":"https:\/\/sinspeb.org.br\/index.php?rest_route=%2Fwp%2Fv2%2Fcategories&post=2967"},{"taxonomy":"post_tag","embeddable":true,"href":"https:\/\/sinspeb.org.br\/index.php?rest_route=%2Fwp%2Fv2%2Ftags&post=2967"}],"curies":[{"name":"wp","href":"https:\/\/api.w.org\/{rel}","templated":true}]}}