{"id":2982,"date":"2021-10-06T15:30:48","date_gmt":"2021-10-06T18:30:48","guid":{"rendered":"http:\/\/sinspeb.org.br\/?p=2982"},"modified":"2021-10-06T15:35:14","modified_gmt":"2021-10-06T18:35:14","slug":"policiais-penais-realizam-revista-nas-celas-do-predio-anexo-do-presidio-de-salvador","status":"publish","type":"post","link":"https:\/\/sinspeb.org.br\/?p=2982","title":{"rendered":"POLICIAIS PENAIS REALIZAM REVISTA NAS CELAS DO PR\u00c9DIO ANEXO DO PRES\u00cdDIO DE SALVADOR"},"content":{"rendered":"<div style=\"width: 640px;\" class=\"wp-video\"><!--[if lt IE 9]><script>document.createElement('video');<\/script><![endif]-->\n<video class=\"wp-video-shortcode\" id=\"video-2982-1\" width=\"640\" height=\"352\" preload=\"metadata\" controls=\"controls\"><source type=\"video\/mp4\" src=\"http:\/\/sinspeb.org.br\/wp-content\/uploads\/2021\/10\/VID-20211006-WA00621.mp4?_=1\" \/><a href=\"http:\/\/sinspeb.org.br\/wp-content\/uploads\/2021\/10\/VID-20211006-WA00621.mp4\">http:\/\/sinspeb.org.br\/wp-content\/uploads\/2021\/10\/VID-20211006-WA00621.mp4<\/a><\/video><\/div>\n<p>Ap\u00f3s o assassinato de um detento, que ocorreu na data de ontem (05.10.21), no Pr\u00e9dio Anexo do Pres\u00eddio de Salvador, Policiais Penais realizaram revista (baculejo) nas celas do local na manh\u00e3 de hoje (06.10.21).<\/p>\n<p>Durante a opera\u00e7\u00e3o, foram apreendidos v\u00e1rios telefones celulares, muitos carregadores para aparelhos eletr\u00f4nicos, subst\u00e2ncia an\u00e1loga \u00e0 maconha, dentre outros materiais il\u00edcitos.<\/p>\n<p>Vale destacar, que no hor\u00e1rio marcado para o in\u00edcio da opera\u00e7\u00e3o, chegaram na Unidade, Policiais Militares da CIRP. Neste momento, um impasse foi gerado, pois os Policiais Penais de plant\u00e3o n\u00e3o aceitaram a participa\u00e7\u00e3o da Pol\u00edcia Militar na citada opera\u00e7\u00e3o. Ap\u00f3s tratativas entre o Comandante da CIRP e o Diretor da Unidade, que sustentou o posicionamento dos Pol\u00edcias Penais, a opera\u00e7\u00e3o teve in\u00edcio SEM A PARTICIPA\u00c7\u00c3O DOS MILITARES.<\/p>\n<p>Como anteriormente j\u00e1 orientado pela Diretoria do SINSPPEB, mais uma vez, solicitamos que os Policiais Penais se recusem a realizar qualquer opera\u00e7\u00e3o de revista que tenha a participa\u00e7\u00e3o da Pol\u00edcia Militar. Que n\u00e3o deixem de realizar a atividade que \u00e9 importante para a seguran\u00e7a do Estabelecimento Penal, por\u00e9m que fa\u00e7am com integrantes exclusivos do quadro de Policiais Penais, e mais, que exijam da Gest\u00e3o o registro em m\u00eddia de toda a opera\u00e7\u00e3o, e que a Gest\u00e3o das Unidades Prisionais passem a catalogar todos os materiais que s\u00e3o apreendidos nas opera\u00e7\u00f5es e no dia a dia, pois isso \u00e9 imprescind\u00edvel para demonstrar a efic\u00e1cia do trabalho desenvolvido.<\/p>\n<p><img decoding=\"async\" class=\"alignnone size-medium wp-image-2984\" src=\"http:\/\/sinspeb.org.br\/wp-content\/uploads\/2021\/10\/IMG-20211006-WA0063-300x136.jpg\" alt=\"\" width=\"300\" height=\"136\" srcset=\"https:\/\/sinspeb.org.br\/wp-content\/uploads\/2021\/10\/IMG-20211006-WA0063-300x136.jpg 300w, https:\/\/sinspeb.org.br\/wp-content\/uploads\/2021\/10\/IMG-20211006-WA0063-1024x463.jpg 1024w, https:\/\/sinspeb.org.br\/wp-content\/uploads\/2021\/10\/IMG-20211006-WA0063-768x347.jpg 768w, https:\/\/sinspeb.org.br\/wp-content\/uploads\/2021\/10\/IMG-20211006-WA0063.jpg 1280w\" sizes=\"(max-width: 300px) 100vw, 300px\" \/><\/p>\n<p>Parabenizamos os Policiais Penais do PS que demonstraram com efici\u00eancia, dedica\u00e7\u00e3o e coragem que n\u00e3o precisam da PM para fazer baculejo e executaram esta exitosa opera\u00e7\u00e3o!!!\ud83d\udc4f\ud83c\udffc\ud83d\udc4f\ud83c\udffc\ud83d\udc4f\ud83c\udffc\ud83d\udc4f\ud83c\udffc<\/p>\n<p>&nbsp;<\/p>\n<p>GEST\u00c3O UFC \u2013 PELA REGULAMENTA\u00c7\u00c3O DA POL\u00cdCIA PENAL BAIANA!<\/p>\n<p>ASCOM &#8211; SINSPPEB<\/p>\n","protected":false},"excerpt":{"rendered":"<p>Ap\u00f3s o assassinato de um detento, que ocorreu na data de ontem (05.10.21), no Pr\u00e9dio Anexo do Pres\u00eddio de Salvador,<\/p>\n","protected":false},"author":3,"featured_media":2985,"comment_status":"open","ping_status":"open","sticky":false,"template":"","format":"standard","meta":{"colormag_page_container_layout":"default_layout","colormag_page_sidebar_layout":"default_layout","footnotes":""},"categories":[45,1],"tags":[],"class_list":["post-2982","post","type-post","status-publish","format-standard","has-post-thumbnail","hentry","category-importante","category-noticias"],"_links":{"self":[{"href":"https:\/\/sinspeb.org.br\/index.php?rest_route=\/wp\/v2\/posts\/2982","targetHints":{"allow":["GET"]}}],"collection":[{"href":"https:\/\/sinspeb.org.br\/index.php?rest_route=\/wp\/v2\/posts"}],"about":[{"href":"https:\/\/sinspeb.org.br\/index.php?rest_route=\/wp\/v2\/types\/post"}],"author":[{"embeddable":true,"href":"https:\/\/sinspeb.org.br\/index.php?rest_route=\/wp\/v2\/users\/3"}],"replies":[{"embeddable":true,"href":"https:\/\/sinspeb.org.br\/index.php?rest_route=%2Fwp%2Fv2%2Fcomments&post=2982"}],"version-history":[{"count":2,"href":"https:\/\/sinspeb.org.br\/index.php?rest_route=\/wp\/v2\/posts\/2982\/revisions"}],"predecessor-version":[{"id":2987,"href":"https:\/\/sinspeb.org.br\/index.php?rest_route=\/wp\/v2\/posts\/2982\/revisions\/2987"}],"wp:featuredmedia":[{"embeddable":true,"href":"https:\/\/sinspeb.org.br\/index.php?rest_route=\/wp\/v2\/media\/2985"}],"wp:attachment":[{"href":"https:\/\/sinspeb.org.br\/index.php?rest_route=%2Fwp%2Fv2%2Fmedia&parent=2982"}],"wp:term":[{"taxonomy":"category","embeddable":true,"href":"https:\/\/sinspeb.org.br\/index.php?rest_route=%2Fwp%2Fv2%2Fcategories&post=2982"},{"taxonomy":"post_tag","embeddable":true,"href":"https:\/\/sinspeb.org.br\/index.php?rest_route=%2Fwp%2Fv2%2Ftags&post=2982"}],"curies":[{"name":"wp","href":"https:\/\/api.w.org\/{rel}","templated":true}]}}